{"id":20732,"date":"2019-06-13T14:22:49","date_gmt":"2019-06-13T14:22:49","guid":{"rendered":"https:\/\/sertv.gob.pa\/crisolfm\/?p=20732"},"modified":"2019-06-13T14:22:49","modified_gmt":"2019-06-13T14:22:49","slug":"tarde-barroca-en-el-casco-antiguo-con-motivo-del-dia-del-padre","status":"publish","type":"post","link":"https:\/\/sertv.gob.pa\/crisolfm\/tarde-barroca-en-el-casco-antiguo-con-motivo-del-dia-del-padre\/","title":{"rendered":"Tarde barroca en el Casco Antiguo con motivo del D\u00eda del Padre"},"content":{"rendered":"<p>La Iglesia Nuestra Se\u00f1ora de la Merced, del Casco Antiguo, ofrecer\u00e1 el concierto \u2018Tarde Barroca&#8217;, con motivo de la celebraci\u00f3n del D\u00eda del Padre. Los solistas invitados ser\u00e1n Paola Cuellar, Susan Samudio, Fernando Bustos, Ulises Athanasiadis, Luis Salas y la organista uruguaya Cristina Garc\u00eda Banegas.<\/p>\n<p>El evento se llevar\u00e1 a cabo este domingo 16 de junio, a las 4:00 de la tarde, en el referido templo. La entrada tiene un valor de $20 preferencial y $10, general.<\/p>\n<p>&nbsp;<\/p>\n<p>&nbsp;<\/p>\n","protected":false},"excerpt":{"rendered":"<p>La Iglesia Nuestra Se\u00f1ora de la Merced, del Casco Antiguo, <a href=\"https:\/\/sertv.gob.pa\/crisolfm\/tarde-barroca-en-el-casco-antiguo-con-motivo-del-dia-del-padre\/\"> [&#8230;]<\/a><\/p>\n","protected":false},"author":64,"featured_media":20733,"comment_status":"closed","ping_status":"closed","sticky":false,"template":"","format":"standard","meta":{"footnotes":""},"categories":[6],"tags":[],"class_list":["post-20732","post","type-post","status-publish","format-standard","has-post-thumbnail","hentry","category-culturales"],"_links":{"self":[{"href":"https:\/\/sertv.gob.pa\/crisolfm\/wp-json\/wp\/v2\/posts\/20732","targetHints":{"allow":["GET"]}}],"collection":[{"href":"https:\/\/sertv.gob.pa\/crisolfm\/wp-json\/wp\/v2\/posts"}],"about":[{"href":"https:\/\/sertv.gob.pa\/crisolfm\/wp-json\/wp\/v2\/types\/post"}],"author":[{"embeddable":true,"href":"https:\/\/sertv.gob.pa\/crisolfm\/wp-json\/wp\/v2\/users\/64"}],"replies":[{"embeddable":true,"href":"https:\/\/sertv.gob.pa\/crisolfm\/wp-json\/wp\/v2\/comments?post=20732"}],"version-history":[{"count":1,"href":"https:\/\/sertv.gob.pa\/crisolfm\/wp-json\/wp\/v2\/posts\/20732\/revisions"}],"predecessor-version":[{"id":20734,"href":"https:\/\/sertv.gob.pa\/crisolfm\/wp-json\/wp\/v2\/posts\/20732\/revisions\/20734"}],"wp:featuredmedia":[{"embeddable":true,"href":"https:\/\/sertv.gob.pa\/crisolfm\/wp-json\/wp\/v2\/media\/20733"}],"wp:attachment":[{"href":"https:\/\/sertv.gob.pa\/crisolfm\/wp-json\/wp\/v2\/media?parent=20732"}],"wp:term":[{"taxonomy":"category","embeddable":true,"href":"https:\/\/sertv.gob.pa\/crisolfm\/wp-json\/wp\/v2\/categories?post=20732"},{"taxonomy":"post_tag","embeddable":true,"href":"https:\/\/sertv.gob.pa\/crisolfm\/wp-json\/wp\/v2\/tags?post=20732"}],"curies":[{"name":"wp","href":"https:\/\/api.w.org\/{rel}","templated":true}]}}