{"id":20754,"date":"2019-06-13T15:37:32","date_gmt":"2019-06-13T15:37:32","guid":{"rendered":"https:\/\/sertv.gob.pa\/crisolfm\/?p=20754"},"modified":"2019-06-13T15:37:32","modified_gmt":"2019-06-13T15:37:32","slug":"olas-de-calor-en-sudamerica-aumentarian-entre-5-y-10-veces-para-2050","status":"publish","type":"post","link":"https:\/\/sertv.gob.pa\/crisolfm\/olas-de-calor-en-sudamerica-aumentarian-entre-5-y-10-veces-para-2050\/","title":{"rendered":"Olas de calor en Sudam\u00e9rica aumentar\u00edan entre 5 y 10 veces para 2050"},"content":{"rendered":"<p>En los pa\u00edses del norte de Sudam\u00e9rica las olas de calor podr\u00edan aumentar entre cinco y diez veces para mediados de siglo, mientras que el Cono Sur los d\u00edas con temperaturas extremadamente altas se duplicar\u00edan, seg\u00fan estim\u00f3 un estudio regional.<\/p>\n<p>Tomando datos de nueve estaciones meteorol\u00f3gicas en Sudam\u00e9rica \u2014tres en Argentina, tres en Chile, dos en Venezuela y una en la Guyana Francesa\u2014, un equipo internacional de cient\u00edficos proyect\u00f3 con modelos\u00a0clim\u00e1ticos\u00a0cu\u00e1nto aumentar\u00edan las olas de calor en el subcontinente considerando dos escenarios de emisiones: uno intermedio al que apunta llegar el acuerdo de Par\u00eds y otro extremo sin acciones para limitarlas.<\/p>\n<p>Publicada en\u00a0Scientific Reports, la investigaci\u00f3n alerta que estos fen\u00f3menos no solo ser\u00edan m\u00e1s frecuentes a lo largo del a\u00f1o, sino tambi\u00e9n m\u00e1s extensos al norte del Sudam\u00e9rica, incluida la zona septentrional de la regi\u00f3n amaz\u00f3nica y la costa pac\u00edfica hasta el desierto de Atacama.<\/p>\n<p>El Espectador<\/p>\n","protected":false},"excerpt":{"rendered":"<p>En los pa\u00edses del norte de Sudam\u00e9rica las olas de <a href=\"https:\/\/sertv.gob.pa\/crisolfm\/olas-de-calor-en-sudamerica-aumentarian-entre-5-y-10-veces-para-2050\/\"> [&#8230;]<\/a><\/p>\n","protected":false},"author":64,"featured_media":20755,"comment_status":"closed","ping_status":"closed","sticky":false,"template":"","format":"standard","meta":{"footnotes":""},"categories":[7],"tags":[],"class_list":["post-20754","post","type-post","status-publish","format-standard","has-post-thumbnail","hentry","category-ecologicas"],"_links":{"self":[{"href":"https:\/\/sertv.gob.pa\/crisolfm\/wp-json\/wp\/v2\/posts\/20754","targetHints":{"allow":["GET"]}}],"collection":[{"href":"https:\/\/sertv.gob.pa\/crisolfm\/wp-json\/wp\/v2\/posts"}],"about":[{"href":"https:\/\/sertv.gob.pa\/crisolfm\/wp-json\/wp\/v2\/types\/post"}],"author":[{"embeddable":true,"href":"https:\/\/sertv.gob.pa\/crisolfm\/wp-json\/wp\/v2\/users\/64"}],"replies":[{"embeddable":true,"href":"https:\/\/sertv.gob.pa\/crisolfm\/wp-json\/wp\/v2\/comments?post=20754"}],"version-history":[{"count":1,"href":"https:\/\/sertv.gob.pa\/crisolfm\/wp-json\/wp\/v2\/posts\/20754\/revisions"}],"predecessor-version":[{"id":20756,"href":"https:\/\/sertv.gob.pa\/crisolfm\/wp-json\/wp\/v2\/posts\/20754\/revisions\/20756"}],"wp:featuredmedia":[{"embeddable":true,"href":"https:\/\/sertv.gob.pa\/crisolfm\/wp-json\/wp\/v2\/media\/20755"}],"wp:attachment":[{"href":"https:\/\/sertv.gob.pa\/crisolfm\/wp-json\/wp\/v2\/media?parent=20754"}],"wp:term":[{"taxonomy":"category","embeddable":true,"href":"https:\/\/sertv.gob.pa\/crisolfm\/wp-json\/wp\/v2\/categories?post=20754"},{"taxonomy":"post_tag","embeddable":true,"href":"https:\/\/sertv.gob.pa\/crisolfm\/wp-json\/wp\/v2\/tags?post=20754"}],"curies":[{"name":"wp","href":"https:\/\/api.w.org\/{rel}","templated":true}]}}