{"id":20757,"date":"2019-06-13T18:14:39","date_gmt":"2019-06-13T18:14:39","guid":{"rendered":"https:\/\/sertv.gob.pa\/crisolfm\/?p=20757"},"modified":"2019-06-13T18:14:39","modified_gmt":"2019-06-13T18:14:39","slug":"fallece-actriz-mexicana-edith-gonzalez-a-los-54-anos","status":"publish","type":"post","link":"https:\/\/sertv.gob.pa\/crisolfm\/fallece-actriz-mexicana-edith-gonzalez-a-los-54-anos\/","title":{"rendered":"Fallece actriz mexicana Edith Gonz\u00e1lez a los 54 a\u00f1os"},"content":{"rendered":"<p>La actriz mexicana\u00a0Edith\u00a0Gonz\u00e1lez muri\u00f3 v\u00edctima de un c\u00e1ncer de ovarios que le fue detectado hace tres a\u00f1os, informaron este jueves amigos de la fallecida y la cadena Televisa. \u00abLamentablemente, falleci\u00f3 la actriz\u00a0Edith\u00a0Gonz\u00e1lez la madrugada de hoy a consecuencia del c\u00e1ncer que padec\u00eda\u00bb, inform\u00f3 Televisa Espect\u00e1culos, grupo de comunicaci\u00f3n al que estuvo por mucho tiempo vinculada la actriz.<\/p>\n<p>Edith\u00a0Gonz\u00e1lez naci\u00f3 en 1964, en el norte\u00f1o estado de Nuevo Le\u00f3n. Inici\u00f3 su carrera como actriz infantil en la d\u00e9cada de los 70 en pel\u00edculas con papeles secundarios. M\u00e1s tarde se convirti\u00f3 en un referente de las telenovelas mexicanas gracias a su participaci\u00f3n en tramas como \u00abLos ricos tambi\u00e9n lloran\u00bb (1979), \u00abRosa Salvaje\u00bb (1987), \u00abMonte Calvario\u00bb (1986) y \u00abCoraz\u00f3n Salvaje\u00bb (1993). Adem\u00e1s, protagoniz\u00f3 otros melodramas exitosos como \u00abNunca te olvidar\u00e9\u00bb (1999), \u00abSalom\u00e9\u00bb (2001) y \u00abDo\u00f1a B\u00e1rbara\u00bb (2008).<\/p>\n<p>EFE<\/p>\n<p>&nbsp;<\/p>\n","protected":false},"excerpt":{"rendered":"<p>La actriz mexicana\u00a0Edith\u00a0Gonz\u00e1lez muri\u00f3 v\u00edctima de un c\u00e1ncer de ovarios <a href=\"https:\/\/sertv.gob.pa\/crisolfm\/fallece-actriz-mexicana-edith-gonzalez-a-los-54-anos\/\"> [&#8230;]<\/a><\/p>\n","protected":false},"author":64,"featured_media":20758,"comment_status":"closed","ping_status":"closed","sticky":false,"template":"","format":"standard","meta":{"footnotes":""},"categories":[6],"tags":[],"class_list":["post-20757","post","type-post","status-publish","format-standard","has-post-thumbnail","hentry","category-culturales"],"_links":{"self":[{"href":"https:\/\/sertv.gob.pa\/crisolfm\/wp-json\/wp\/v2\/posts\/20757","targetHints":{"allow":["GET"]}}],"collection":[{"href":"https:\/\/sertv.gob.pa\/crisolfm\/wp-json\/wp\/v2\/posts"}],"about":[{"href":"https:\/\/sertv.gob.pa\/crisolfm\/wp-json\/wp\/v2\/types\/post"}],"author":[{"embeddable":true,"href":"https:\/\/sertv.gob.pa\/crisolfm\/wp-json\/wp\/v2\/users\/64"}],"replies":[{"embeddable":true,"href":"https:\/\/sertv.gob.pa\/crisolfm\/wp-json\/wp\/v2\/comments?post=20757"}],"version-history":[{"count":1,"href":"https:\/\/sertv.gob.pa\/crisolfm\/wp-json\/wp\/v2\/posts\/20757\/revisions"}],"predecessor-version":[{"id":20759,"href":"https:\/\/sertv.gob.pa\/crisolfm\/wp-json\/wp\/v2\/posts\/20757\/revisions\/20759"}],"wp:featuredmedia":[{"embeddable":true,"href":"https:\/\/sertv.gob.pa\/crisolfm\/wp-json\/wp\/v2\/media\/20758"}],"wp:attachment":[{"href":"https:\/\/sertv.gob.pa\/crisolfm\/wp-json\/wp\/v2\/media?parent=20757"}],"wp:term":[{"taxonomy":"category","embeddable":true,"href":"https:\/\/sertv.gob.pa\/crisolfm\/wp-json\/wp\/v2\/categories?post=20757"},{"taxonomy":"post_tag","embeddable":true,"href":"https:\/\/sertv.gob.pa\/crisolfm\/wp-json\/wp\/v2\/tags?post=20757"}],"curies":[{"name":"wp","href":"https:\/\/api.w.org\/{rel}","templated":true}]}}