{"id":20772,"date":"2019-06-14T13:57:40","date_gmt":"2019-06-14T13:57:40","guid":{"rendered":"https:\/\/sertv.gob.pa\/crisolfm\/?p=20772"},"modified":"2019-06-14T13:57:40","modified_gmt":"2019-06-14T13:57:40","slug":"airbnb-propone-recrear-la-vuelta-al-mundo-en-80-dias-por-5000","status":"publish","type":"post","link":"https:\/\/sertv.gob.pa\/crisolfm\/airbnb-propone-recrear-la-vuelta-al-mundo-en-80-dias-por-5000\/","title":{"rendered":"Airbnb propone recrear la \u00abVuelta al mundo en 80 d\u00edas\u00bb por $5,000"},"content":{"rendered":"<p>La empresa de alquileres de corta estancia Airbnb anunci\u00f3 este jueves un paquete vacacional que recrea los viajes de la novela \u00abLa vuelta al mundo en 80 d\u00edas\u00bb del escritor franc\u00e9s Julio Verne por 5.000 d\u00f3lares y que incluye transporte, alojamiento y comida. As\u00ed, siguiendo los pasos de Phileas Fogg y su ayudante Jean Passepartout, los participantes saldr\u00e1n de Londres el 1 de septiembre de este a\u00f1o y dar\u00e1n la vuelta al globo pasando por un total de 18 pa\u00edses, hasta regresar a la capital inglesa el 19 de noviembre, exactamente despu\u00e9s de 80 d\u00edas.<\/p>\n<p>Los medios de transporte incluir\u00e1n aviones, barcos, helic\u00f3pteros, autom\u00f3viles y por lo menos un trayecto en globo, y los pa\u00edses visitados ser\u00e1n Reino Unido, Ruman\u00eda, Uzbekist\u00e1n, Egipto, Jordania, Etiop\u00eda, Kenia, Nepal, But\u00e1n, Tailandia, China, Australia, Nueva Zelanda, Jap\u00f3n, Estados Unidos, Ecuador, Chile e Islandia. Adem\u00e1s de los trayectos, alojamiento y comidas, el paquete tur\u00edstico incluye actividades y visitas en cada uno de los destinos como por ejemplo a las islas Gal\u00e1pagos en Ecuador, un crucero por el r\u00edo Nilo en Egipto y excursiones por el campo en Australia.<\/p>\n<p>El precio de 5.000 d\u00f3lares no incluye el vuelo de ida y regreso a Londres (en caso de no residir en esa ciudad) y quienes quieran participar en esta experiencia podr\u00e1n solicitar una reserva en l\u00ednea a partir del pr\u00f3ximo 20 de junio, aunque la empresa no especific\u00f3 cu\u00e1ntas plazas va a abrir ni c\u00f3mo va a asignarlas en caso de que la demanda supere a la oferta.<\/p>\n<p>EFE<\/p>\n","protected":false},"excerpt":{"rendered":"<p>La empresa de alquileres de corta estancia Airbnb anunci\u00f3 este <a href=\"https:\/\/sertv.gob.pa\/crisolfm\/airbnb-propone-recrear-la-vuelta-al-mundo-en-80-dias-por-5000\/\"> [&#8230;]<\/a><\/p>\n","protected":false},"author":64,"featured_media":20773,"comment_status":"closed","ping_status":"closed","sticky":false,"template":"","format":"standard","meta":{"footnotes":""},"categories":[6],"tags":[],"class_list":["post-20772","post","type-post","status-publish","format-standard","has-post-thumbnail","hentry","category-culturales"],"_links":{"self":[{"href":"https:\/\/sertv.gob.pa\/crisolfm\/wp-json\/wp\/v2\/posts\/20772","targetHints":{"allow":["GET"]}}],"collection":[{"href":"https:\/\/sertv.gob.pa\/crisolfm\/wp-json\/wp\/v2\/posts"}],"about":[{"href":"https:\/\/sertv.gob.pa\/crisolfm\/wp-json\/wp\/v2\/types\/post"}],"author":[{"embeddable":true,"href":"https:\/\/sertv.gob.pa\/crisolfm\/wp-json\/wp\/v2\/users\/64"}],"replies":[{"embeddable":true,"href":"https:\/\/sertv.gob.pa\/crisolfm\/wp-json\/wp\/v2\/comments?post=20772"}],"version-history":[{"count":1,"href":"https:\/\/sertv.gob.pa\/crisolfm\/wp-json\/wp\/v2\/posts\/20772\/revisions"}],"predecessor-version":[{"id":20774,"href":"https:\/\/sertv.gob.pa\/crisolfm\/wp-json\/wp\/v2\/posts\/20772\/revisions\/20774"}],"wp:featuredmedia":[{"embeddable":true,"href":"https:\/\/sertv.gob.pa\/crisolfm\/wp-json\/wp\/v2\/media\/20773"}],"wp:attachment":[{"href":"https:\/\/sertv.gob.pa\/crisolfm\/wp-json\/wp\/v2\/media?parent=20772"}],"wp:term":[{"taxonomy":"category","embeddable":true,"href":"https:\/\/sertv.gob.pa\/crisolfm\/wp-json\/wp\/v2\/categories?post=20772"},{"taxonomy":"post_tag","embeddable":true,"href":"https:\/\/sertv.gob.pa\/crisolfm\/wp-json\/wp\/v2\/tags?post=20772"}],"curies":[{"name":"wp","href":"https:\/\/api.w.org\/{rel}","templated":true}]}}