{"id":20775,"date":"2019-06-14T14:01:23","date_gmt":"2019-06-14T14:01:23","guid":{"rendered":"https:\/\/sertv.gob.pa\/crisolfm\/?p=20775"},"modified":"2019-06-14T14:01:23","modified_gmt":"2019-06-14T14:01:23","slug":"talleres-de-correccion-del-color-en-el-area-digital-en-gecu","status":"publish","type":"post","link":"https:\/\/sertv.gob.pa\/crisolfm\/talleres-de-correccion-del-color-en-el-area-digital-en-gecu\/","title":{"rendered":"Talleres de correcci\u00f3n del color en el \u00e1rea digital, en GECU"},"content":{"rendered":"<p>El Centro de Formaci\u00f3n y Capacitaci\u00f3n Cinematogr\u00e1fica del Estudio Multiuso (GECU) de la Universidad de Panam\u00e1 estar\u00e1 impartiendo dos talleres de correcci\u00f3n de color, con el objetivo de desarrollar habilidades para la postproducci\u00f3n de la imagen.<\/p>\n<p>La actividad estar\u00e1 a cargo de la cubano-argentina Lily Su\u00e1rez, quien compartir\u00e1 con los participantes sus conocimientos y experticia acerca del tratamiento del color en digital. El primer taller se realizar\u00e1 del 15 al 19 de julio y el segundo, del 22 al 26 de julio, en horarios de 9:00 a.m. a 5:00 p.m. Informaci\u00f3n: 6984-3448 \/ www.gecupanama.com.<\/p>\n","protected":false},"excerpt":{"rendered":"<p>El Centro de Formaci\u00f3n y Capacitaci\u00f3n Cinematogr\u00e1fica del Estudio Multiuso <a href=\"https:\/\/sertv.gob.pa\/crisolfm\/talleres-de-correccion-del-color-en-el-area-digital-en-gecu\/\"> [&#8230;]<\/a><\/p>\n","protected":false},"author":64,"featured_media":20776,"comment_status":"closed","ping_status":"closed","sticky":false,"template":"","format":"standard","meta":{"footnotes":""},"categories":[6],"tags":[],"class_list":["post-20775","post","type-post","status-publish","format-standard","has-post-thumbnail","hentry","category-culturales"],"_links":{"self":[{"href":"https:\/\/sertv.gob.pa\/crisolfm\/wp-json\/wp\/v2\/posts\/20775","targetHints":{"allow":["GET"]}}],"collection":[{"href":"https:\/\/sertv.gob.pa\/crisolfm\/wp-json\/wp\/v2\/posts"}],"about":[{"href":"https:\/\/sertv.gob.pa\/crisolfm\/wp-json\/wp\/v2\/types\/post"}],"author":[{"embeddable":true,"href":"https:\/\/sertv.gob.pa\/crisolfm\/wp-json\/wp\/v2\/users\/64"}],"replies":[{"embeddable":true,"href":"https:\/\/sertv.gob.pa\/crisolfm\/wp-json\/wp\/v2\/comments?post=20775"}],"version-history":[{"count":1,"href":"https:\/\/sertv.gob.pa\/crisolfm\/wp-json\/wp\/v2\/posts\/20775\/revisions"}],"predecessor-version":[{"id":20777,"href":"https:\/\/sertv.gob.pa\/crisolfm\/wp-json\/wp\/v2\/posts\/20775\/revisions\/20777"}],"wp:featuredmedia":[{"embeddable":true,"href":"https:\/\/sertv.gob.pa\/crisolfm\/wp-json\/wp\/v2\/media\/20776"}],"wp:attachment":[{"href":"https:\/\/sertv.gob.pa\/crisolfm\/wp-json\/wp\/v2\/media?parent=20775"}],"wp:term":[{"taxonomy":"category","embeddable":true,"href":"https:\/\/sertv.gob.pa\/crisolfm\/wp-json\/wp\/v2\/categories?post=20775"},{"taxonomy":"post_tag","embeddable":true,"href":"https:\/\/sertv.gob.pa\/crisolfm\/wp-json\/wp\/v2\/tags?post=20775"}],"curies":[{"name":"wp","href":"https:\/\/api.w.org\/{rel}","templated":true}]}}