{"id":20790,"date":"2019-06-14T14:46:59","date_gmt":"2019-06-14T14:46:59","guid":{"rendered":"https:\/\/sertv.gob.pa\/crisolfm\/?p=20790"},"modified":"2019-06-14T14:46:59","modified_gmt":"2019-06-14T14:46:59","slug":"el-fondo-soberano-de-noruega-invertira-en-energias-renovables","status":"publish","type":"post","link":"https:\/\/sertv.gob.pa\/crisolfm\/el-fondo-soberano-de-noruega-invertira-en-energias-renovables\/","title":{"rendered":"El \u2018Fondo Soberano de Noruega\u2019 invertir\u00e1 en energ\u00edas renovables"},"content":{"rendered":"<p>La ministra para la Transici\u00f3n Ecol\u00f3gica, Teresa Ribera, ha celebrado la decisi\u00f3n del Fondo Soberano de Noruega (el mayor fondo de pensiones del mundo) de desinvertir en petr\u00f3leo y gas y apostar por<strong> las energ\u00edas renovables<\/strong>, al tiempo que conf\u00eda que al pa\u00eds n\u00f3rdico Espa\u00f1a le resulte atractivo y ofrezca confianza suficiente para invertir.<\/p>\n<p>Ribera considera en declaraciones a Europa Press que la decisi\u00f3n adoptada por unanimidad este jueves en el Parlamento noruego de que e<em>l citado Fondo soberano desinvierta unos 13.000 millones de d\u00f3lares <\/em>(11.513 millones de euros) en empresas de petr\u00f3leo, gas y carb\u00f3n es \u00abimportant\u00edsima\u00bb y supone una \u00abtransformaci\u00f3n important\u00edsima del sistema financiero y una transformaci\u00f3n important\u00edsima de las decisiones de inversi\u00f3n\u00bb, que espera que llegue a \u00abbuen puerto\u00bb.<\/p>\n<p>En este contexto, observa que la decisi\u00f3n noruega es \u00abla m\u00e1s importante del fondo soberano\u00bb y supone una desinversi\u00f3n de su capital invertido hasta la fecha en combustibles f\u00f3siles y la habilitaci\u00f3n a inversi\u00f3n directa en proyectos renovables y no solamente a empresas debidamente cualificadas. De este modo, a\u00f1ade que la apuesta de Noruega \u00abdirectamente\u00bb por las energ\u00edas renovables \u00aben gran medida\u00bb en pa\u00edses industrializados que est\u00e1n desplegando \u00abtodo un proceso de cambio en su sistema energ\u00e9tico\u00bb.<\/p>\n<p>&nbsp;<\/p>\n<p>ECOticias<\/p>\n","protected":false},"excerpt":{"rendered":"<p>La ministra para la Transici\u00f3n Ecol\u00f3gica, Teresa Ribera, ha celebrado <a href=\"https:\/\/sertv.gob.pa\/crisolfm\/el-fondo-soberano-de-noruega-invertira-en-energias-renovables\/\"> [&#8230;]<\/a><\/p>\n","protected":false},"author":64,"featured_media":20791,"comment_status":"closed","ping_status":"closed","sticky":false,"template":"","format":"standard","meta":{"footnotes":""},"categories":[7],"tags":[],"class_list":["post-20790","post","type-post","status-publish","format-standard","has-post-thumbnail","hentry","category-ecologicas"],"_links":{"self":[{"href":"https:\/\/sertv.gob.pa\/crisolfm\/wp-json\/wp\/v2\/posts\/20790","targetHints":{"allow":["GET"]}}],"collection":[{"href":"https:\/\/sertv.gob.pa\/crisolfm\/wp-json\/wp\/v2\/posts"}],"about":[{"href":"https:\/\/sertv.gob.pa\/crisolfm\/wp-json\/wp\/v2\/types\/post"}],"author":[{"embeddable":true,"href":"https:\/\/sertv.gob.pa\/crisolfm\/wp-json\/wp\/v2\/users\/64"}],"replies":[{"embeddable":true,"href":"https:\/\/sertv.gob.pa\/crisolfm\/wp-json\/wp\/v2\/comments?post=20790"}],"version-history":[{"count":1,"href":"https:\/\/sertv.gob.pa\/crisolfm\/wp-json\/wp\/v2\/posts\/20790\/revisions"}],"predecessor-version":[{"id":20792,"href":"https:\/\/sertv.gob.pa\/crisolfm\/wp-json\/wp\/v2\/posts\/20790\/revisions\/20792"}],"wp:featuredmedia":[{"embeddable":true,"href":"https:\/\/sertv.gob.pa\/crisolfm\/wp-json\/wp\/v2\/media\/20791"}],"wp:attachment":[{"href":"https:\/\/sertv.gob.pa\/crisolfm\/wp-json\/wp\/v2\/media?parent=20790"}],"wp:term":[{"taxonomy":"category","embeddable":true,"href":"https:\/\/sertv.gob.pa\/crisolfm\/wp-json\/wp\/v2\/categories?post=20790"},{"taxonomy":"post_tag","embeddable":true,"href":"https:\/\/sertv.gob.pa\/crisolfm\/wp-json\/wp\/v2\/tags?post=20790"}],"curies":[{"name":"wp","href":"https:\/\/api.w.org\/{rel}","templated":true}]}}