{"id":20799,"date":"2019-06-17T13:35:50","date_gmt":"2019-06-17T13:35:50","guid":{"rendered":"https:\/\/sertv.gob.pa\/crisolfm\/?p=20799"},"modified":"2019-06-17T13:35:50","modified_gmt":"2019-06-17T13:35:50","slug":"alrededor-de-49-muertos-por-ola-de-calor-en-india","status":"publish","type":"post","link":"https:\/\/sertv.gob.pa\/crisolfm\/alrededor-de-49-muertos-por-ola-de-calor-en-india\/","title":{"rendered":"Alrededor de 49 muertos por ola de calor en India"},"content":{"rendered":"<p>Al menos 49 personas murieron en las \u00faltimas 24 horas en el estado de Bihar, norte de la India, azotado desde hace m\u00e1s de dos semanas por un calor extremo, anunciaron este domingo las autoridades.\u00a0 Las v\u00edctimas son oriundas de la regi\u00f3n de Magadh, que sufre sequ\u00eda y en donde se registran temperaturas de 45 grados cent\u00edgrados.\u00a0\u00a0 Murieron 49 personas en tres distritos, indic\u00f3 Vijay Kumar, responsable de salud p\u00fablica.<\/p>\n<p>\u00abTodo se precipit\u00f3 el s\u00e1bado por la tarde. Decenas de personas v\u00edctimas de golpes de calor fueron llevadas a diferentes hospitales. La mayor\u00eda muri\u00f3 en la noche del s\u00e1bado, algunas el domingo por la ma\u00f1ana\u00bb, agreg\u00f3 en declaraciones a la AFP.<\/p>\n<p>Unas 40 personas siguen hospitalizadas, se\u00f1al\u00f3 la fuente. La mayor\u00eda de las v\u00edctimas ten\u00edan m\u00e1s de 50 a\u00f1os y fueron hospitalizadas en un estado semi-inconsciente, con fiebres muy altas y diarreas y v\u00f3mitos, explic\u00f3.\u00a0 Una gran parte del norte de la India sufre desde hace m\u00e1s de dos semanas de un fuerte calor.\u00a0 En el estado de Rajast\u00e1n la temperatura supera los 50 grados.\u00a0 En 2015, una ola de calor caus\u00f3 m\u00e1s de 3 mil 500 muertos en India y Pakist\u00e1n.<\/p>\n<p>AFP<\/p>\n","protected":false},"excerpt":{"rendered":"<p>Al menos 49 personas murieron en las \u00faltimas 24 horas <a href=\"https:\/\/sertv.gob.pa\/crisolfm\/alrededor-de-49-muertos-por-ola-de-calor-en-india\/\"> [&#8230;]<\/a><\/p>\n","protected":false},"author":64,"featured_media":20800,"comment_status":"closed","ping_status":"closed","sticky":false,"template":"","format":"standard","meta":{"footnotes":""},"categories":[7],"tags":[],"class_list":["post-20799","post","type-post","status-publish","format-standard","has-post-thumbnail","hentry","category-ecologicas"],"_links":{"self":[{"href":"https:\/\/sertv.gob.pa\/crisolfm\/wp-json\/wp\/v2\/posts\/20799","targetHints":{"allow":["GET"]}}],"collection":[{"href":"https:\/\/sertv.gob.pa\/crisolfm\/wp-json\/wp\/v2\/posts"}],"about":[{"href":"https:\/\/sertv.gob.pa\/crisolfm\/wp-json\/wp\/v2\/types\/post"}],"author":[{"embeddable":true,"href":"https:\/\/sertv.gob.pa\/crisolfm\/wp-json\/wp\/v2\/users\/64"}],"replies":[{"embeddable":true,"href":"https:\/\/sertv.gob.pa\/crisolfm\/wp-json\/wp\/v2\/comments?post=20799"}],"version-history":[{"count":1,"href":"https:\/\/sertv.gob.pa\/crisolfm\/wp-json\/wp\/v2\/posts\/20799\/revisions"}],"predecessor-version":[{"id":20801,"href":"https:\/\/sertv.gob.pa\/crisolfm\/wp-json\/wp\/v2\/posts\/20799\/revisions\/20801"}],"wp:featuredmedia":[{"embeddable":true,"href":"https:\/\/sertv.gob.pa\/crisolfm\/wp-json\/wp\/v2\/media\/20800"}],"wp:attachment":[{"href":"https:\/\/sertv.gob.pa\/crisolfm\/wp-json\/wp\/v2\/media?parent=20799"}],"wp:term":[{"taxonomy":"category","embeddable":true,"href":"https:\/\/sertv.gob.pa\/crisolfm\/wp-json\/wp\/v2\/categories?post=20799"},{"taxonomy":"post_tag","embeddable":true,"href":"https:\/\/sertv.gob.pa\/crisolfm\/wp-json\/wp\/v2\/tags?post=20799"}],"curies":[{"name":"wp","href":"https:\/\/api.w.org\/{rel}","templated":true}]}}