{"id":20808,"date":"2019-06-17T13:53:30","date_gmt":"2019-06-17T13:53:30","guid":{"rendered":"https:\/\/sertv.gob.pa\/crisolfm\/?p=20808"},"modified":"2019-06-17T13:53:30","modified_gmt":"2019-06-17T13:53:30","slug":"notre-dame-celebra-en-condiciones-precarias-primera-misa-tras-incendio","status":"publish","type":"post","link":"https:\/\/sertv.gob.pa\/crisolfm\/notre-dame-celebra-en-condiciones-precarias-primera-misa-tras-incendio\/","title":{"rendered":"Notre Dame celebra en condiciones precarias primera misa tras incendio"},"content":{"rendered":"<p>Dos meses despu\u00e9s de ser devastada por el fuego, Notre Dame acogi\u00f3 el domingo su primera misa en condiciones a\u00fan muy precarias, que obligaron a la treintena de participantes a llevar cascos de obra por el riesgo de desprendimientos.<\/p>\n<p>Con esa estampa tan poco habitual, sobre las 18.00 hora local (16.00 GMT) comenz\u00f3 la ceremonia en la capilla de la Virgen, detr\u00e1s del coro, con una presencia sobre todo de religiosos, entre ellos el arzobispo de Par\u00eds, Michel Aupetit.<\/p>\n<p>Al acto tambi\u00e9n fue una representaci\u00f3n de las personas que trabajan en las obras y de laicos de la di\u00f3cesis de Par\u00eds; \u00abpoca gente porque es muy peligroso\u00bb, se\u00f1al\u00f3 el embajador encargado de la movilizaci\u00f3n internacional para Notre Dame, Stanislas de Laboulaye, en un encuentro con prensa espa\u00f1ola.<\/p>\n<p>EFE<\/p>\n","protected":false},"excerpt":{"rendered":"<p>Dos meses despu\u00e9s de ser devastada por el fuego, Notre <a href=\"https:\/\/sertv.gob.pa\/crisolfm\/notre-dame-celebra-en-condiciones-precarias-primera-misa-tras-incendio\/\"> [&#8230;]<\/a><\/p>\n","protected":false},"author":64,"featured_media":20809,"comment_status":"closed","ping_status":"closed","sticky":false,"template":"","format":"standard","meta":{"footnotes":""},"categories":[6],"tags":[],"class_list":["post-20808","post","type-post","status-publish","format-standard","has-post-thumbnail","hentry","category-culturales"],"_links":{"self":[{"href":"https:\/\/sertv.gob.pa\/crisolfm\/wp-json\/wp\/v2\/posts\/20808","targetHints":{"allow":["GET"]}}],"collection":[{"href":"https:\/\/sertv.gob.pa\/crisolfm\/wp-json\/wp\/v2\/posts"}],"about":[{"href":"https:\/\/sertv.gob.pa\/crisolfm\/wp-json\/wp\/v2\/types\/post"}],"author":[{"embeddable":true,"href":"https:\/\/sertv.gob.pa\/crisolfm\/wp-json\/wp\/v2\/users\/64"}],"replies":[{"embeddable":true,"href":"https:\/\/sertv.gob.pa\/crisolfm\/wp-json\/wp\/v2\/comments?post=20808"}],"version-history":[{"count":1,"href":"https:\/\/sertv.gob.pa\/crisolfm\/wp-json\/wp\/v2\/posts\/20808\/revisions"}],"predecessor-version":[{"id":20810,"href":"https:\/\/sertv.gob.pa\/crisolfm\/wp-json\/wp\/v2\/posts\/20808\/revisions\/20810"}],"wp:featuredmedia":[{"embeddable":true,"href":"https:\/\/sertv.gob.pa\/crisolfm\/wp-json\/wp\/v2\/media\/20809"}],"wp:attachment":[{"href":"https:\/\/sertv.gob.pa\/crisolfm\/wp-json\/wp\/v2\/media?parent=20808"}],"wp:term":[{"taxonomy":"category","embeddable":true,"href":"https:\/\/sertv.gob.pa\/crisolfm\/wp-json\/wp\/v2\/categories?post=20808"},{"taxonomy":"post_tag","embeddable":true,"href":"https:\/\/sertv.gob.pa\/crisolfm\/wp-json\/wp\/v2\/tags?post=20808"}],"curies":[{"name":"wp","href":"https:\/\/api.w.org\/{rel}","templated":true}]}}