{"id":20823,"date":"2019-06-17T14:48:38","date_gmt":"2019-06-17T14:48:38","guid":{"rendered":"https:\/\/sertv.gob.pa\/crisolfm\/?p=20823"},"modified":"2019-06-17T14:48:38","modified_gmt":"2019-06-17T14:48:38","slug":"g20-logra-primer-acuerdo-marco-para-reducir-desechos-plasticos-en-el-mar","status":"publish","type":"post","link":"https:\/\/sertv.gob.pa\/crisolfm\/g20-logra-primer-acuerdo-marco-para-reducir-desechos-plasticos-en-el-mar\/","title":{"rendered":"G20 logra primer acuerdo marco para reducir desechos pl\u00e1sticos en el mar"},"content":{"rendered":"<p>El Grupo de las 20 primeras econom\u00edas mundiales alcanzaron el primer acuerdo marco para reducir los desechos pl\u00e1sticos del mar, en una reuni\u00f3n en Jap\u00f3n este domingo en la que tambi\u00e9n se abord\u00f3 la seguridad energ\u00e9tica tras los ataques a petroleros en el golfo de Om\u00e1n. Seg\u00fan este acuerdo, los miembros del G20 se comprometieron a reducir los desechos pl\u00e1sticos, pero se dieron pocos detalles sobre la forma en la que lo har\u00e1n.<\/p>\n<p>\u00abEs fant\u00e1stico que hayamos logrado concebir reglas para todos, incluyendo los pa\u00edses emergentes y en desarrollo\u00bb, celebr\u00f3 el ministro de Medio Ambiente nip\u00f3n, Yoshiaki Harada, al final del encuentro de ministros del G20 de su \u00e1rea y de Energ\u00eda. Las medidas ser\u00edan voluntarias y los progresos se publicar\u00edan de manera anual, seg\u00fan medios locales.<\/p>\n<p>AFP<\/p>\n","protected":false},"excerpt":{"rendered":"<p>El Grupo de las 20 primeras econom\u00edas mundiales alcanzaron el <a href=\"https:\/\/sertv.gob.pa\/crisolfm\/g20-logra-primer-acuerdo-marco-para-reducir-desechos-plasticos-en-el-mar\/\"> [&#8230;]<\/a><\/p>\n","protected":false},"author":64,"featured_media":20824,"comment_status":"closed","ping_status":"closed","sticky":false,"template":"","format":"standard","meta":{"footnotes":""},"categories":[7],"tags":[],"class_list":["post-20823","post","type-post","status-publish","format-standard","has-post-thumbnail","hentry","category-ecologicas"],"_links":{"self":[{"href":"https:\/\/sertv.gob.pa\/crisolfm\/wp-json\/wp\/v2\/posts\/20823","targetHints":{"allow":["GET"]}}],"collection":[{"href":"https:\/\/sertv.gob.pa\/crisolfm\/wp-json\/wp\/v2\/posts"}],"about":[{"href":"https:\/\/sertv.gob.pa\/crisolfm\/wp-json\/wp\/v2\/types\/post"}],"author":[{"embeddable":true,"href":"https:\/\/sertv.gob.pa\/crisolfm\/wp-json\/wp\/v2\/users\/64"}],"replies":[{"embeddable":true,"href":"https:\/\/sertv.gob.pa\/crisolfm\/wp-json\/wp\/v2\/comments?post=20823"}],"version-history":[{"count":1,"href":"https:\/\/sertv.gob.pa\/crisolfm\/wp-json\/wp\/v2\/posts\/20823\/revisions"}],"predecessor-version":[{"id":20825,"href":"https:\/\/sertv.gob.pa\/crisolfm\/wp-json\/wp\/v2\/posts\/20823\/revisions\/20825"}],"wp:featuredmedia":[{"embeddable":true,"href":"https:\/\/sertv.gob.pa\/crisolfm\/wp-json\/wp\/v2\/media\/20824"}],"wp:attachment":[{"href":"https:\/\/sertv.gob.pa\/crisolfm\/wp-json\/wp\/v2\/media?parent=20823"}],"wp:term":[{"taxonomy":"category","embeddable":true,"href":"https:\/\/sertv.gob.pa\/crisolfm\/wp-json\/wp\/v2\/categories?post=20823"},{"taxonomy":"post_tag","embeddable":true,"href":"https:\/\/sertv.gob.pa\/crisolfm\/wp-json\/wp\/v2\/tags?post=20823"}],"curies":[{"name":"wp","href":"https:\/\/api.w.org\/{rel}","templated":true}]}}