{"id":20835,"date":"2019-06-17T16:38:54","date_gmt":"2019-06-17T16:38:54","guid":{"rendered":"https:\/\/sertv.gob.pa\/crisolfm\/?p=20835"},"modified":"2019-06-17T16:38:54","modified_gmt":"2019-06-17T16:38:54","slug":"fallece-la-heredera-y-diva-de-la-moda-gloria-vanderbilt","status":"publish","type":"post","link":"https:\/\/sertv.gob.pa\/crisolfm\/fallece-la-heredera-y-diva-de-la-moda-gloria-vanderbilt\/","title":{"rendered":"Fallece la heredera y diva de la moda Gloria Vanderbilt"},"content":{"rendered":"<p>La estadounidense Gloria Vanderbilt, heredera, dise\u00f1adora e \u00edcono de la moda muri\u00f3 a los 95 a\u00f1os, anunci\u00f3 el lunes su hijo, el periodista de CNN Anderson Cooper.<\/p>\n<p>Vanderbilt, quien creci\u00f3 en Francia \u00absin saber nada del dinero que heredar\u00eda a los 21 a\u00f1os\u00bb, fue \u00abuna mujer extraordinaria que amaba la vida y vivi\u00f3 a su antojo\u00bb, indic\u00f3 Cooper en un homenaje difundido el lunes en CNN. \u00abQu\u00e9 madre tan extraordinaria, qu\u00e9 mujer tan extraordinaria\u00bb, a\u00f1adi\u00f3. De acuerdo con un reporte de CNN Espa\u00f1ol, este fue el mensaje de su hijo Cooper.<\/p>\n<p>\u201cGloria Vanderbilt era una mujer extraordinaria, que amaba la vida y la viv\u00eda en sus propios t\u00e9rminos. Fue pintora, escritora y dise\u00f1adora, pero tambi\u00e9n una notable madre, esposa y amiga. Ten\u00eda 95 a\u00f1os, pero preg\u00fantale a alguien cercano, y te dir\u00edan que era la persona m\u00e1s joven que conoc\u00edan, la m\u00e1s genial y la m\u00e1s moderna. Muri\u00f3 esta ma\u00f1ana, como quer\u00eda, en casa, rodeada de familiares y amigos\u201d.<\/p>\n<p>AFP<\/p>\n","protected":false},"excerpt":{"rendered":"<p>La estadounidense Gloria Vanderbilt, heredera, dise\u00f1adora e \u00edcono de la <a href=\"https:\/\/sertv.gob.pa\/crisolfm\/fallece-la-heredera-y-diva-de-la-moda-gloria-vanderbilt\/\"> [&#8230;]<\/a><\/p>\n","protected":false},"author":64,"featured_media":20836,"comment_status":"closed","ping_status":"closed","sticky":false,"template":"","format":"standard","meta":{"footnotes":""},"categories":[6],"tags":[],"class_list":["post-20835","post","type-post","status-publish","format-standard","has-post-thumbnail","hentry","category-culturales"],"_links":{"self":[{"href":"https:\/\/sertv.gob.pa\/crisolfm\/wp-json\/wp\/v2\/posts\/20835","targetHints":{"allow":["GET"]}}],"collection":[{"href":"https:\/\/sertv.gob.pa\/crisolfm\/wp-json\/wp\/v2\/posts"}],"about":[{"href":"https:\/\/sertv.gob.pa\/crisolfm\/wp-json\/wp\/v2\/types\/post"}],"author":[{"embeddable":true,"href":"https:\/\/sertv.gob.pa\/crisolfm\/wp-json\/wp\/v2\/users\/64"}],"replies":[{"embeddable":true,"href":"https:\/\/sertv.gob.pa\/crisolfm\/wp-json\/wp\/v2\/comments?post=20835"}],"version-history":[{"count":1,"href":"https:\/\/sertv.gob.pa\/crisolfm\/wp-json\/wp\/v2\/posts\/20835\/revisions"}],"predecessor-version":[{"id":20837,"href":"https:\/\/sertv.gob.pa\/crisolfm\/wp-json\/wp\/v2\/posts\/20835\/revisions\/20837"}],"wp:featuredmedia":[{"embeddable":true,"href":"https:\/\/sertv.gob.pa\/crisolfm\/wp-json\/wp\/v2\/media\/20836"}],"wp:attachment":[{"href":"https:\/\/sertv.gob.pa\/crisolfm\/wp-json\/wp\/v2\/media?parent=20835"}],"wp:term":[{"taxonomy":"category","embeddable":true,"href":"https:\/\/sertv.gob.pa\/crisolfm\/wp-json\/wp\/v2\/categories?post=20835"},{"taxonomy":"post_tag","embeddable":true,"href":"https:\/\/sertv.gob.pa\/crisolfm\/wp-json\/wp\/v2\/tags?post=20835"}],"curies":[{"name":"wp","href":"https:\/\/api.w.org\/{rel}","templated":true}]}}