{"id":20866,"date":"2019-06-18T14:51:25","date_gmt":"2019-06-18T14:51:25","guid":{"rendered":"https:\/\/sertv.gob.pa\/crisolfm\/?p=20866"},"modified":"2019-06-18T14:51:25","modified_gmt":"2019-06-18T14:51:25","slug":"semana-mundial-sin-carne","status":"publish","type":"post","link":"https:\/\/sertv.gob.pa\/crisolfm\/semana-mundial-sin-carne\/","title":{"rendered":"Semana Mundial Sin Carne"},"content":{"rendered":"<p>Con motivo de la celebraci\u00f3n del 17 al 23 de junio de <strong>la Semana Mundial Sin Carne<\/strong>, Amigos de la Tierra denuncia los impactos de la ganader\u00eda industrial en el medio ambiente y la salud. La Campa\u00f1a #EnsuPuntoJusto de Amigos de la Tierra propone la reducci\u00f3n del consumo de carne y la apuesta por un modelo de producci\u00f3n m\u00e1s sostenible y saludable.<\/p>\n<p><em>En la Semana Mundial Sin Carne<\/em>, Amigos de la Tierra da a conocer la campa\u00f1a #EnsuPuntoJusto: Menos Carne, Mejor Carne, con la que anima a la ciudadan\u00eda a reducir la ingesta de carne, apostar por una ganader\u00eda ecol\u00f3gica y extensiva y exigir a las administraciones unas pol\u00edticas basadas en principios agroecol\u00f3gicos. A trav\u00e9s de esta campa\u00f1a la organizaci\u00f3n ecologista publica unos datos determinantes sobre los <a href=\"https:\/\/www.tierra.org\/wp-content\/uploads\/2019\/06\/menos_carne_mejor_carne.pdf\" target=\"_blank\" rel=\"noopener\">impactos de la ganader\u00eda industrial <\/a>y su responsabilidad ante la crisis ecol\u00f3gica actual.<\/p>\n<p>ECOticias<\/p>\n","protected":false},"excerpt":{"rendered":"<p>Con motivo de la celebraci\u00f3n del 17 al 23 de <a href=\"https:\/\/sertv.gob.pa\/crisolfm\/semana-mundial-sin-carne\/\"> [&#8230;]<\/a><\/p>\n","protected":false},"author":64,"featured_media":20867,"comment_status":"closed","ping_status":"closed","sticky":false,"template":"","format":"standard","meta":{"footnotes":""},"categories":[7],"tags":[],"class_list":["post-20866","post","type-post","status-publish","format-standard","has-post-thumbnail","hentry","category-ecologicas"],"_links":{"self":[{"href":"https:\/\/sertv.gob.pa\/crisolfm\/wp-json\/wp\/v2\/posts\/20866","targetHints":{"allow":["GET"]}}],"collection":[{"href":"https:\/\/sertv.gob.pa\/crisolfm\/wp-json\/wp\/v2\/posts"}],"about":[{"href":"https:\/\/sertv.gob.pa\/crisolfm\/wp-json\/wp\/v2\/types\/post"}],"author":[{"embeddable":true,"href":"https:\/\/sertv.gob.pa\/crisolfm\/wp-json\/wp\/v2\/users\/64"}],"replies":[{"embeddable":true,"href":"https:\/\/sertv.gob.pa\/crisolfm\/wp-json\/wp\/v2\/comments?post=20866"}],"version-history":[{"count":1,"href":"https:\/\/sertv.gob.pa\/crisolfm\/wp-json\/wp\/v2\/posts\/20866\/revisions"}],"predecessor-version":[{"id":20868,"href":"https:\/\/sertv.gob.pa\/crisolfm\/wp-json\/wp\/v2\/posts\/20866\/revisions\/20868"}],"wp:featuredmedia":[{"embeddable":true,"href":"https:\/\/sertv.gob.pa\/crisolfm\/wp-json\/wp\/v2\/media\/20867"}],"wp:attachment":[{"href":"https:\/\/sertv.gob.pa\/crisolfm\/wp-json\/wp\/v2\/media?parent=20866"}],"wp:term":[{"taxonomy":"category","embeddable":true,"href":"https:\/\/sertv.gob.pa\/crisolfm\/wp-json\/wp\/v2\/categories?post=20866"},{"taxonomy":"post_tag","embeddable":true,"href":"https:\/\/sertv.gob.pa\/crisolfm\/wp-json\/wp\/v2\/tags?post=20866"}],"curies":[{"name":"wp","href":"https:\/\/api.w.org\/{rel}","templated":true}]}}