{"id":20872,"date":"2019-06-18T15:36:10","date_gmt":"2019-06-18T15:36:10","guid":{"rendered":"https:\/\/sertv.gob.pa\/crisolfm\/?p=20872"},"modified":"2019-06-18T15:36:10","modified_gmt":"2019-06-18T15:36:10","slug":"el-60-de-las-especies-de-primates-estan-ahora-en-peligro-de-extincion","status":"publish","type":"post","link":"https:\/\/sertv.gob.pa\/crisolfm\/el-60-de-las-especies-de-primates-estan-ahora-en-peligro-de-extincion\/","title":{"rendered":"El 60% de las especies de primates est\u00e1n ahora en peligro de extinci\u00f3n"},"content":{"rendered":"<p>Entre 2001 y 2015 se perdieron 160 millones de hect\u00e1reas de bosques en los tr\u00f3picos debido a <em>actividades humanas, amenazando a las especies de primates con la extinci\u00f3n<\/em>. Una nueva investigaci\u00f3n ha comprobado que el 50 por ciento o m\u00e1s de esta p\u00e9rdida de h\u00e1bitat se debi\u00f3 a la demanda mundial de productos b\u00e1sicos. Los beneficios econ\u00f3micos de las exportaciones de productos b\u00e1sicos para los pa\u00edses que son h\u00e1bitat de primates han sido limitados en relaci\u00f3n con los costos ambientales extremos de la contaminaci\u00f3n, la degradaci\u00f3n del h\u00e1bitat, la p\u00e9rdida de la biodiversidad, la continua inseguridad alimentaria y la amenaza de enfermedades emergentes, seg\u00fan el estudio, publicado en la revista revisada por pares &#8216;PeerJ-Journal of Life and Environmental Sciences&#8217;.<\/p>\n<p><strong>La fauna de primates del mundo<\/strong>, distribuida en los neotr\u00f3picos, \u00c1frica y en el Sur y sudeste de Asia, representa un componente global importante de la biodiversidad terrestre de la Tierra. La presencia y las actividades de los primates apoyan una gama de funciones y servicios ecol\u00f3gicos de la comunidad tropical que proporcionan recursos vitales para los ecosistemas naturales, incluidas las poblaciones humanas locales.<\/p>\n<p>De manera alarmante, alrededor del 60 por ciento de<em> las especies de primates<\/em> est\u00e1n ahora en peligro de extinci\u00f3n y alrededor del 75% tienen poblaciones en declive como resultado de las crecientes presiones antropog\u00e9nicas que resultan en la deforestaci\u00f3n, la degradaci\u00f3n del h\u00e1bitat y el aumento del conflicto espacial entre una poblaci\u00f3n humana en expansi\u00f3n y el rango natural de primates.<\/p>\n<p>ECOticias<\/p>\n","protected":false},"excerpt":{"rendered":"<p>Entre 2001 y 2015 se perdieron 160 millones de hect\u00e1reas <a href=\"https:\/\/sertv.gob.pa\/crisolfm\/el-60-de-las-especies-de-primates-estan-ahora-en-peligro-de-extincion\/\"> [&#8230;]<\/a><\/p>\n","protected":false},"author":64,"featured_media":20873,"comment_status":"closed","ping_status":"closed","sticky":false,"template":"","format":"standard","meta":{"footnotes":""},"categories":[7],"tags":[],"class_list":["post-20872","post","type-post","status-publish","format-standard","has-post-thumbnail","hentry","category-ecologicas"],"_links":{"self":[{"href":"https:\/\/sertv.gob.pa\/crisolfm\/wp-json\/wp\/v2\/posts\/20872","targetHints":{"allow":["GET"]}}],"collection":[{"href":"https:\/\/sertv.gob.pa\/crisolfm\/wp-json\/wp\/v2\/posts"}],"about":[{"href":"https:\/\/sertv.gob.pa\/crisolfm\/wp-json\/wp\/v2\/types\/post"}],"author":[{"embeddable":true,"href":"https:\/\/sertv.gob.pa\/crisolfm\/wp-json\/wp\/v2\/users\/64"}],"replies":[{"embeddable":true,"href":"https:\/\/sertv.gob.pa\/crisolfm\/wp-json\/wp\/v2\/comments?post=20872"}],"version-history":[{"count":1,"href":"https:\/\/sertv.gob.pa\/crisolfm\/wp-json\/wp\/v2\/posts\/20872\/revisions"}],"predecessor-version":[{"id":20874,"href":"https:\/\/sertv.gob.pa\/crisolfm\/wp-json\/wp\/v2\/posts\/20872\/revisions\/20874"}],"wp:featuredmedia":[{"embeddable":true,"href":"https:\/\/sertv.gob.pa\/crisolfm\/wp-json\/wp\/v2\/media\/20873"}],"wp:attachment":[{"href":"https:\/\/sertv.gob.pa\/crisolfm\/wp-json\/wp\/v2\/media?parent=20872"}],"wp:term":[{"taxonomy":"category","embeddable":true,"href":"https:\/\/sertv.gob.pa\/crisolfm\/wp-json\/wp\/v2\/categories?post=20872"},{"taxonomy":"post_tag","embeddable":true,"href":"https:\/\/sertv.gob.pa\/crisolfm\/wp-json\/wp\/v2\/tags?post=20872"}],"curies":[{"name":"wp","href":"https:\/\/api.w.org\/{rel}","templated":true}]}}