{"id":20891,"date":"2019-06-19T14:31:57","date_gmt":"2019-06-19T14:31:57","guid":{"rendered":"https:\/\/sertv.gob.pa\/crisolfm\/?p=20891"},"modified":"2019-06-19T14:31:57","modified_gmt":"2019-06-19T14:31:57","slug":"taller-sobre-introduccion-a-la-historia-del-arte","status":"publish","type":"post","link":"https:\/\/sertv.gob.pa\/crisolfm\/taller-sobre-introduccion-a-la-historia-del-arte\/","title":{"rendered":"Taller sobre introducci\u00f3n a la historia del arte"},"content":{"rendered":"<p>Arte Proyecci\u00f3n, fundaci\u00f3n dedicada a la promoci\u00f3n y educaci\u00f3n en las artes, invita al taller de introducci\u00f3n a la historia del arte, modalidad presencial. Las clases comprender\u00e1n el estudio y an\u00e1lisis de las distintas \u00e9pocas del arte de la Edad Antigua, Media, Moderna y Contempor\u00e1nea.<\/p>\n<p>El encuentro se efectuar\u00e1 el pr\u00f3ximo 22 de junio, en las instalaciones de la academia Edualdea. Desde la 1:30 hasta las 4:00 de la tarde. Incluye cuatro lecciones. El curso tiene un valor de $60. Para mayor informaci\u00f3n, contactar al 6301-9534.<\/p>\n","protected":false},"excerpt":{"rendered":"<p>Arte Proyecci\u00f3n, fundaci\u00f3n dedicada a la promoci\u00f3n y educaci\u00f3n en <a href=\"https:\/\/sertv.gob.pa\/crisolfm\/taller-sobre-introduccion-a-la-historia-del-arte\/\"> [&#8230;]<\/a><\/p>\n","protected":false},"author":64,"featured_media":20892,"comment_status":"closed","ping_status":"closed","sticky":false,"template":"","format":"standard","meta":{"footnotes":""},"categories":[6],"tags":[],"class_list":["post-20891","post","type-post","status-publish","format-standard","has-post-thumbnail","hentry","category-culturales"],"_links":{"self":[{"href":"https:\/\/sertv.gob.pa\/crisolfm\/wp-json\/wp\/v2\/posts\/20891","targetHints":{"allow":["GET"]}}],"collection":[{"href":"https:\/\/sertv.gob.pa\/crisolfm\/wp-json\/wp\/v2\/posts"}],"about":[{"href":"https:\/\/sertv.gob.pa\/crisolfm\/wp-json\/wp\/v2\/types\/post"}],"author":[{"embeddable":true,"href":"https:\/\/sertv.gob.pa\/crisolfm\/wp-json\/wp\/v2\/users\/64"}],"replies":[{"embeddable":true,"href":"https:\/\/sertv.gob.pa\/crisolfm\/wp-json\/wp\/v2\/comments?post=20891"}],"version-history":[{"count":1,"href":"https:\/\/sertv.gob.pa\/crisolfm\/wp-json\/wp\/v2\/posts\/20891\/revisions"}],"predecessor-version":[{"id":20893,"href":"https:\/\/sertv.gob.pa\/crisolfm\/wp-json\/wp\/v2\/posts\/20891\/revisions\/20893"}],"wp:featuredmedia":[{"embeddable":true,"href":"https:\/\/sertv.gob.pa\/crisolfm\/wp-json\/wp\/v2\/media\/20892"}],"wp:attachment":[{"href":"https:\/\/sertv.gob.pa\/crisolfm\/wp-json\/wp\/v2\/media?parent=20891"}],"wp:term":[{"taxonomy":"category","embeddable":true,"href":"https:\/\/sertv.gob.pa\/crisolfm\/wp-json\/wp\/v2\/categories?post=20891"},{"taxonomy":"post_tag","embeddable":true,"href":"https:\/\/sertv.gob.pa\/crisolfm\/wp-json\/wp\/v2\/tags?post=20891"}],"curies":[{"name":"wp","href":"https:\/\/api.w.org\/{rel}","templated":true}]}}