{"id":20903,"date":"2019-06-19T15:30:06","date_gmt":"2019-06-19T15:30:06","guid":{"rendered":"https:\/\/sertv.gob.pa\/crisolfm\/?p=20903"},"modified":"2019-06-19T15:30:06","modified_gmt":"2019-06-19T15:30:06","slug":"5-400-desplazados-por-lluvias-en-uruguay","status":"publish","type":"post","link":"https:\/\/sertv.gob.pa\/crisolfm\/5-400-desplazados-por-lluvias-en-uruguay\/","title":{"rendered":"5.400 desplazados por lluvias en Uruguay"},"content":{"rendered":"<p>Las personas desplazadas por las inundaciones provocadas por las fuertes lluvias en Uruguay llegaron este martes a 5.400, seg\u00fan inform\u00f3 en un comunicado el Sistema Nacional de Emergencias (Sinae). Los dos departamentos m\u00e1s afectados son Durazno (centro), con 3.248 desplazados -de los cuales 1.763 salieron de sus viviendas por propia voluntad-, y Florida (centro), con 926 -de los que 146 fueron evacuados y 780 autoevacuados-.<\/p>\n<p>Seg\u00fan explic\u00f3 a la prensa el director del Sinae, Fernando Traversa, la inundaci\u00f3n en Florida es \u00abmuy importante\u00bb y est\u00e1 afectando tanto a la capital departamental como a la ciudad de 25 de Agosto. Asimismo, destac\u00f3 que en la zona centro del pa\u00eds cayeron unos 230 mil\u00edmetros de agua, lo que equivale a \u00abunos cuatro meses de lluvia en menos de una semana\u00bb. \u00abEso hace que tengamos una crecida de r\u00edos y arroyos muy importante\u00bb, afirm\u00f3 Traversa.<\/p>\n<p>EFE<\/p>\n","protected":false},"excerpt":{"rendered":"<p>Las personas desplazadas por las inundaciones provocadas por las fuertes <a href=\"https:\/\/sertv.gob.pa\/crisolfm\/5-400-desplazados-por-lluvias-en-uruguay\/\"> [&#8230;]<\/a><\/p>\n","protected":false},"author":64,"featured_media":20904,"comment_status":"closed","ping_status":"closed","sticky":false,"template":"","format":"standard","meta":{"footnotes":""},"categories":[7],"tags":[],"class_list":["post-20903","post","type-post","status-publish","format-standard","has-post-thumbnail","hentry","category-ecologicas"],"_links":{"self":[{"href":"https:\/\/sertv.gob.pa\/crisolfm\/wp-json\/wp\/v2\/posts\/20903","targetHints":{"allow":["GET"]}}],"collection":[{"href":"https:\/\/sertv.gob.pa\/crisolfm\/wp-json\/wp\/v2\/posts"}],"about":[{"href":"https:\/\/sertv.gob.pa\/crisolfm\/wp-json\/wp\/v2\/types\/post"}],"author":[{"embeddable":true,"href":"https:\/\/sertv.gob.pa\/crisolfm\/wp-json\/wp\/v2\/users\/64"}],"replies":[{"embeddable":true,"href":"https:\/\/sertv.gob.pa\/crisolfm\/wp-json\/wp\/v2\/comments?post=20903"}],"version-history":[{"count":1,"href":"https:\/\/sertv.gob.pa\/crisolfm\/wp-json\/wp\/v2\/posts\/20903\/revisions"}],"predecessor-version":[{"id":20905,"href":"https:\/\/sertv.gob.pa\/crisolfm\/wp-json\/wp\/v2\/posts\/20903\/revisions\/20905"}],"wp:featuredmedia":[{"embeddable":true,"href":"https:\/\/sertv.gob.pa\/crisolfm\/wp-json\/wp\/v2\/media\/20904"}],"wp:attachment":[{"href":"https:\/\/sertv.gob.pa\/crisolfm\/wp-json\/wp\/v2\/media?parent=20903"}],"wp:term":[{"taxonomy":"category","embeddable":true,"href":"https:\/\/sertv.gob.pa\/crisolfm\/wp-json\/wp\/v2\/categories?post=20903"},{"taxonomy":"post_tag","embeddable":true,"href":"https:\/\/sertv.gob.pa\/crisolfm\/wp-json\/wp\/v2\/tags?post=20903"}],"curies":[{"name":"wp","href":"https:\/\/api.w.org\/{rel}","templated":true}]}}