{"id":20916,"date":"2019-06-20T13:44:30","date_gmt":"2019-06-20T13:44:30","guid":{"rendered":"https:\/\/sertv.gob.pa\/crisolfm\/?p=20916"},"modified":"2019-06-20T13:44:30","modified_gmt":"2019-06-20T13:44:30","slug":"ecuador-descarta-danos-ambientales-en-islas-galapagos-por-operaciones-de-avion-de-eu","status":"publish","type":"post","link":"https:\/\/sertv.gob.pa\/crisolfm\/ecuador-descarta-danos-ambientales-en-islas-galapagos-por-operaciones-de-avion-de-eu\/","title":{"rendered":"Ecuador descarta da\u00f1os ambientales en islas Gal\u00e1pagos por operaciones de avi\u00f3n de EU"},"content":{"rendered":"<p>Ecuador descart\u00f3 este mi\u00e9rcoles 19 de junio que los vuelos de una aeronave estadounidense para el control del narcotr\u00e1fico y la pesca ilegal puedan causar da\u00f1o ambiental en las islas Gal\u00e1pagos, Patrimonio Natural de la Humanidad. \u201cLa participaci\u00f3n del avi\u00f3n Orion P-3 en operaciones contra bandas narcotraficantes y otras que cometen delitos como la pesca ilegal, no supone riesgo alguno para el medio ambiente de las Islas\u201d, se\u00f1al\u00f3 la canciller\u00eda en un comunicado.<\/p>\n<p>La cartera agreg\u00f3 que el pa\u00eds \u201cmantiene inalterable\u201d su pol\u00edtica de conservaci\u00f3n del archipi\u00e9lago de Gal\u00e1pagos, que posee un gran valor cient\u00edfico por su flora y fauna \u00fanicas en el mundo. Ecuador \u201ccombate y combatir\u00e1 a la delincuencia internacional organizada con sus propios recursos y por medio de la cooperaci\u00f3n internacional; lo que no se opone a cuidar al mismo tiempo el patrimonio natural de nuestro pa\u00eds\u201d, se\u00f1al\u00f3 el canciller Jos\u00e9 Valencia, citado en el comunicado.<\/p>\n<p>La canciller\u00eda aleg\u00f3 que a Gal\u00e1pagos llegan mensualmente en promedio 252 vuelos civiles, por lo que \u201clos anuncios sobre el impacto ambiental de uno o dos vuelos mensuales del Orion P-3 a las Islas carecen evidentemente de sustento\u201d.<\/p>\n<p>AFP<\/p>\n","protected":false},"excerpt":{"rendered":"<p>Ecuador descart\u00f3 este mi\u00e9rcoles 19 de junio que los vuelos <a href=\"https:\/\/sertv.gob.pa\/crisolfm\/ecuador-descarta-danos-ambientales-en-islas-galapagos-por-operaciones-de-avion-de-eu\/\"> [&#8230;]<\/a><\/p>\n","protected":false},"author":64,"featured_media":20917,"comment_status":"closed","ping_status":"closed","sticky":false,"template":"","format":"standard","meta":{"footnotes":""},"categories":[7],"tags":[],"class_list":["post-20916","post","type-post","status-publish","format-standard","has-post-thumbnail","hentry","category-ecologicas"],"_links":{"self":[{"href":"https:\/\/sertv.gob.pa\/crisolfm\/wp-json\/wp\/v2\/posts\/20916","targetHints":{"allow":["GET"]}}],"collection":[{"href":"https:\/\/sertv.gob.pa\/crisolfm\/wp-json\/wp\/v2\/posts"}],"about":[{"href":"https:\/\/sertv.gob.pa\/crisolfm\/wp-json\/wp\/v2\/types\/post"}],"author":[{"embeddable":true,"href":"https:\/\/sertv.gob.pa\/crisolfm\/wp-json\/wp\/v2\/users\/64"}],"replies":[{"embeddable":true,"href":"https:\/\/sertv.gob.pa\/crisolfm\/wp-json\/wp\/v2\/comments?post=20916"}],"version-history":[{"count":1,"href":"https:\/\/sertv.gob.pa\/crisolfm\/wp-json\/wp\/v2\/posts\/20916\/revisions"}],"predecessor-version":[{"id":20918,"href":"https:\/\/sertv.gob.pa\/crisolfm\/wp-json\/wp\/v2\/posts\/20916\/revisions\/20918"}],"wp:featuredmedia":[{"embeddable":true,"href":"https:\/\/sertv.gob.pa\/crisolfm\/wp-json\/wp\/v2\/media\/20917"}],"wp:attachment":[{"href":"https:\/\/sertv.gob.pa\/crisolfm\/wp-json\/wp\/v2\/media?parent=20916"}],"wp:term":[{"taxonomy":"category","embeddable":true,"href":"https:\/\/sertv.gob.pa\/crisolfm\/wp-json\/wp\/v2\/categories?post=20916"},{"taxonomy":"post_tag","embeddable":true,"href":"https:\/\/sertv.gob.pa\/crisolfm\/wp-json\/wp\/v2\/tags?post=20916"}],"curies":[{"name":"wp","href":"https:\/\/api.w.org\/{rel}","templated":true}]}}