{"id":20925,"date":"2019-06-20T14:07:22","date_gmt":"2019-06-20T14:07:22","guid":{"rendered":"https:\/\/sertv.gob.pa\/crisolfm\/?p=20925"},"modified":"2019-06-20T14:07:22","modified_gmt":"2019-06-20T14:07:22","slug":"el-mar-se-traga-el-archipielago-panameno-de-san-blas","status":"publish","type":"post","link":"https:\/\/sertv.gob.pa\/crisolfm\/el-mar-se-traga-el-archipielago-panameno-de-san-blas\/","title":{"rendered":"El mar se traga el archipi\u00e9lago paname\u00f1o de San Blas"},"content":{"rendered":"<p>San Blas, el tur\u00edstico archipi\u00e9lago de aguas transparentes y que forma parte la comarca ind\u00edgena Guna Yala, es una de las zonas m\u00e1s perjudicadas en Latinoam\u00e9rica por el aumento del nivel de los oc\u00e9anos, una consecuencia directa del calentamiento global y del deshielo de los glaciales. Seg\u00fan datos de un mare\u00f3grafo situado en San Crist\u00f3bal, una localidad cercana, el agua en esta parte del Caribe ha subido cerca de 30 cent\u00edmetros en el \u00faltimo medio siglo, once cent\u00edmetros m\u00e1s que la media mundial.<\/p>\n<p>El Grupo Intergubernamental de Expertos sobre el Cambio Clim\u00e1tico de la Organizaci\u00f3n de las Naciones Unidas (IPCC) describi\u00f3 en su quinto informe un escenario desolador y alert\u00f3 de que, de seguir as\u00ed las cosas, la crecida media de los oc\u00e9anos podr\u00eda ser de hasta 30 cent\u00edmetros en 2065 y 63 cent\u00edmetros en 2010, lo que ser\u00eda devastador para un sinf\u00edn de comunidades costeras.<br \/>\nUn estudio elaborado en 2004 a partir de fotograf\u00edas a\u00e9reas publicado en la revista Conservation Biology se\u00f1ala que el archipi\u00e9lago, formado por 365 islas -de las cuales 38 est\u00e1n habitadas y el resto se explotan tur\u00edsticamente- ha perdido en tres d\u00e9cadas 50.363 metros cuadrados.<\/p>\n<p>Gardi Sugdub, Ustupu, Mamidub, Anassuguna y Ogobsucun son las comunidades que hasta el momento corren m\u00e1s riesgos, seg\u00fan los expertos. Pero el futuro no es nada halag\u00fce\u00f1o para el resto de islas y sus habitantes lo saben. Las autoridades paname\u00f1as, tambi\u00e9n. \u00abDadas las caracter\u00edsticas f\u00edsicas de las islas es posible que muchas queden sumergidas en unas d\u00e9cadas\u00bb, reconoci\u00f3 a EFE en una declaraci\u00f3n escrita el ministro paname\u00f1o de Ambiente, Emilio Sempris.<\/p>\n<p>EFE<\/p>\n","protected":false},"excerpt":{"rendered":"<p>San Blas, el tur\u00edstico archipi\u00e9lago de aguas transparentes y que <a href=\"https:\/\/sertv.gob.pa\/crisolfm\/el-mar-se-traga-el-archipielago-panameno-de-san-blas\/\"> [&#8230;]<\/a><\/p>\n","protected":false},"author":64,"featured_media":20926,"comment_status":"closed","ping_status":"closed","sticky":false,"template":"","format":"standard","meta":{"footnotes":""},"categories":[7],"tags":[],"class_list":["post-20925","post","type-post","status-publish","format-standard","has-post-thumbnail","hentry","category-ecologicas"],"_links":{"self":[{"href":"https:\/\/sertv.gob.pa\/crisolfm\/wp-json\/wp\/v2\/posts\/20925","targetHints":{"allow":["GET"]}}],"collection":[{"href":"https:\/\/sertv.gob.pa\/crisolfm\/wp-json\/wp\/v2\/posts"}],"about":[{"href":"https:\/\/sertv.gob.pa\/crisolfm\/wp-json\/wp\/v2\/types\/post"}],"author":[{"embeddable":true,"href":"https:\/\/sertv.gob.pa\/crisolfm\/wp-json\/wp\/v2\/users\/64"}],"replies":[{"embeddable":true,"href":"https:\/\/sertv.gob.pa\/crisolfm\/wp-json\/wp\/v2\/comments?post=20925"}],"version-history":[{"count":1,"href":"https:\/\/sertv.gob.pa\/crisolfm\/wp-json\/wp\/v2\/posts\/20925\/revisions"}],"predecessor-version":[{"id":20927,"href":"https:\/\/sertv.gob.pa\/crisolfm\/wp-json\/wp\/v2\/posts\/20925\/revisions\/20927"}],"wp:featuredmedia":[{"embeddable":true,"href":"https:\/\/sertv.gob.pa\/crisolfm\/wp-json\/wp\/v2\/media\/20926"}],"wp:attachment":[{"href":"https:\/\/sertv.gob.pa\/crisolfm\/wp-json\/wp\/v2\/media?parent=20925"}],"wp:term":[{"taxonomy":"category","embeddable":true,"href":"https:\/\/sertv.gob.pa\/crisolfm\/wp-json\/wp\/v2\/categories?post=20925"},{"taxonomy":"post_tag","embeddable":true,"href":"https:\/\/sertv.gob.pa\/crisolfm\/wp-json\/wp\/v2\/tags?post=20925"}],"curies":[{"name":"wp","href":"https:\/\/api.w.org\/{rel}","templated":true}]}}