{"id":20935,"date":"2019-06-20T14:44:18","date_gmt":"2019-06-20T14:44:18","guid":{"rendered":"https:\/\/sertv.gob.pa\/crisolfm\/?p=20935"},"modified":"2019-06-20T14:44:18","modified_gmt":"2019-06-20T14:44:18","slug":"viaje-al-arte-abstracto-de-2-continentes","status":"publish","type":"post","link":"https:\/\/sertv.gob.pa\/crisolfm\/viaje-al-arte-abstracto-de-2-continentes\/","title":{"rendered":"Viaje al arte abstracto de 2 continentes"},"content":{"rendered":"<p>SUMA Financiera, Fundaci\u00f3n Vidarte y el Museo del Canal Interoce\u00e1nico de Panam\u00e1 invitan a la exhibici\u00f3n \u201cDi\u00e1logo entre sentidos. Un viaje de la abstracci\u00f3n perceptual entre Am\u00e9rica y Europa\u201d.<\/p>\n<p>La actividad se efect\u00faa en el marco de las celebraciones por los 500 a\u00f1os de la fundaci\u00f3n de la Ciudad de Panam\u00e1. La muestra estar\u00e1 hasta el 28 de julio de 2019.<\/p>\n<p>&nbsp;<\/p>\n","protected":false},"excerpt":{"rendered":"<p>SUMA Financiera, Fundaci\u00f3n Vidarte y el Museo del Canal Interoce\u00e1nico <a href=\"https:\/\/sertv.gob.pa\/crisolfm\/viaje-al-arte-abstracto-de-2-continentes\/\"> [&#8230;]<\/a><\/p>\n","protected":false},"author":64,"featured_media":20936,"comment_status":"closed","ping_status":"closed","sticky":false,"template":"","format":"standard","meta":{"footnotes":""},"categories":[6],"tags":[],"class_list":["post-20935","post","type-post","status-publish","format-standard","has-post-thumbnail","hentry","category-culturales"],"_links":{"self":[{"href":"https:\/\/sertv.gob.pa\/crisolfm\/wp-json\/wp\/v2\/posts\/20935","targetHints":{"allow":["GET"]}}],"collection":[{"href":"https:\/\/sertv.gob.pa\/crisolfm\/wp-json\/wp\/v2\/posts"}],"about":[{"href":"https:\/\/sertv.gob.pa\/crisolfm\/wp-json\/wp\/v2\/types\/post"}],"author":[{"embeddable":true,"href":"https:\/\/sertv.gob.pa\/crisolfm\/wp-json\/wp\/v2\/users\/64"}],"replies":[{"embeddable":true,"href":"https:\/\/sertv.gob.pa\/crisolfm\/wp-json\/wp\/v2\/comments?post=20935"}],"version-history":[{"count":1,"href":"https:\/\/sertv.gob.pa\/crisolfm\/wp-json\/wp\/v2\/posts\/20935\/revisions"}],"predecessor-version":[{"id":20937,"href":"https:\/\/sertv.gob.pa\/crisolfm\/wp-json\/wp\/v2\/posts\/20935\/revisions\/20937"}],"wp:featuredmedia":[{"embeddable":true,"href":"https:\/\/sertv.gob.pa\/crisolfm\/wp-json\/wp\/v2\/media\/20936"}],"wp:attachment":[{"href":"https:\/\/sertv.gob.pa\/crisolfm\/wp-json\/wp\/v2\/media?parent=20935"}],"wp:term":[{"taxonomy":"category","embeddable":true,"href":"https:\/\/sertv.gob.pa\/crisolfm\/wp-json\/wp\/v2\/categories?post=20935"},{"taxonomy":"post_tag","embeddable":true,"href":"https:\/\/sertv.gob.pa\/crisolfm\/wp-json\/wp\/v2\/tags?post=20935"}],"curies":[{"name":"wp","href":"https:\/\/api.w.org\/{rel}","templated":true}]}}