{"id":20942,"date":"2019-06-20T15:42:46","date_gmt":"2019-06-20T15:42:46","guid":{"rendered":"https:\/\/sertv.gob.pa\/crisolfm\/?p=20942"},"modified":"2019-06-20T15:42:46","modified_gmt":"2019-06-20T15:42:46","slug":"xvi-encuentro-internacional-de-guitarra-panama-2019","status":"publish","type":"post","link":"https:\/\/sertv.gob.pa\/crisolfm\/xvi-encuentro-internacional-de-guitarra-panama-2019\/","title":{"rendered":"XVI Encuentro Internacional de Guitarra Panam\u00e1 2019"},"content":{"rendered":"<p style=\"text-align: justify\">El XVI Encuentro Internacional de Guitarra Panam\u00e1 2019 se realizar\u00e1 del 29 de junio al 3 de julio de 2019 en el Teatro Gladys Vidal (Edificio Hatillo).<\/p>\n<p style=\"text-align: justify\">El 29 de junio ser\u00e1 el show \u201cGuitarra sin Fronteras\u201d, a cargo de Marcos Corrales, D\u00fao Eros Trato y Miguel \u00c1lvarez V\u00e1squez, a las 6:00 p.m. El 30 de junio \u201cGuitarra sin Muros\u201d, con Jes\u00fas Serrano y Xavier Jara, 5:00 p.m. El primero de julio \u201cGuitarra en Sudam\u00e9rica\u201d, con Palos y Cuerdas y Daniel Morgade, 7:30 p.m. Mientras, el 2 de julio \u201cGuitarra en Italia\u201d, con Giordano Passini y Aonzo\/Bernardo D\u00fao. Adem\u00e1s, el 3 de julio ser\u00e1 \u201cGuitarra y Orquesta\u201d, con la Orquesta Internacional de Guitarras, Nadia Borislova e Isaac Bustos a las 7:30 p.m. En tanto, 5 de julio estar\u00e1n en Penonom\u00e9, el 6 de julio en Santa Fe, de Veraguas y el 7 de julio en Boquete, Chiriqu\u00ed.<\/p>\n<p style=\"text-align: justify\">Este a\u00f1o se realizar\u00e1 el II Concurso Internacional de Guitarra \u00abCiudad de Panam\u00e1\u00bb, donde participar\u00e1n m\u00fasicos de: Colombia, Costa Rica, M\u00e9xico, Chile y Argentina. El premio al primer lugar ser\u00e1 de mil d\u00f3lares en efectivo, una guitarra de autor de 4 mil d\u00f3lares y una dotaci\u00f3n de cuerdas para guitarra de la marca Agustine.<\/p>\n<p style=\"text-align: justify\">\n<p style=\"text-align: justify\">\n","protected":false},"excerpt":{"rendered":"<p>El XVI Encuentro Internacional de Guitarra Panam\u00e1 2019 se realizar\u00e1 <a href=\"https:\/\/sertv.gob.pa\/crisolfm\/xvi-encuentro-internacional-de-guitarra-panama-2019\/\"> [&#8230;]<\/a><\/p>\n","protected":false},"author":64,"featured_media":20943,"comment_status":"closed","ping_status":"closed","sticky":false,"template":"","format":"standard","meta":{"footnotes":""},"categories":[6],"tags":[],"class_list":["post-20942","post","type-post","status-publish","format-standard","has-post-thumbnail","hentry","category-culturales"],"_links":{"self":[{"href":"https:\/\/sertv.gob.pa\/crisolfm\/wp-json\/wp\/v2\/posts\/20942","targetHints":{"allow":["GET"]}}],"collection":[{"href":"https:\/\/sertv.gob.pa\/crisolfm\/wp-json\/wp\/v2\/posts"}],"about":[{"href":"https:\/\/sertv.gob.pa\/crisolfm\/wp-json\/wp\/v2\/types\/post"}],"author":[{"embeddable":true,"href":"https:\/\/sertv.gob.pa\/crisolfm\/wp-json\/wp\/v2\/users\/64"}],"replies":[{"embeddable":true,"href":"https:\/\/sertv.gob.pa\/crisolfm\/wp-json\/wp\/v2\/comments?post=20942"}],"version-history":[{"count":1,"href":"https:\/\/sertv.gob.pa\/crisolfm\/wp-json\/wp\/v2\/posts\/20942\/revisions"}],"predecessor-version":[{"id":20944,"href":"https:\/\/sertv.gob.pa\/crisolfm\/wp-json\/wp\/v2\/posts\/20942\/revisions\/20944"}],"wp:featuredmedia":[{"embeddable":true,"href":"https:\/\/sertv.gob.pa\/crisolfm\/wp-json\/wp\/v2\/media\/20943"}],"wp:attachment":[{"href":"https:\/\/sertv.gob.pa\/crisolfm\/wp-json\/wp\/v2\/media?parent=20942"}],"wp:term":[{"taxonomy":"category","embeddable":true,"href":"https:\/\/sertv.gob.pa\/crisolfm\/wp-json\/wp\/v2\/categories?post=20942"},{"taxonomy":"post_tag","embeddable":true,"href":"https:\/\/sertv.gob.pa\/crisolfm\/wp-json\/wp\/v2\/tags?post=20942"}],"curies":[{"name":"wp","href":"https:\/\/api.w.org\/{rel}","templated":true}]}}