{"id":20957,"date":"2019-06-21T13:32:18","date_gmt":"2019-06-21T13:32:18","guid":{"rendered":"https:\/\/sertv.gob.pa\/crisolfm\/?p=20957"},"modified":"2019-06-21T13:32:18","modified_gmt":"2019-06-21T13:32:18","slug":"concurso-senorita-panama-2019-lo-gana-mehr-eliezer","status":"publish","type":"post","link":"https:\/\/sertv.gob.pa\/crisolfm\/concurso-senorita-panama-2019-lo-gana-mehr-eliezer\/","title":{"rendered":"Concurso Se\u00f1orita Panam\u00e1 2019 lo gana Mehr Eliezer"},"content":{"rendered":"<p>Mehr Eliezer se convirti\u00f3 la noche de este jueves 20 de junio en la nueva Se\u00f1orita Panam\u00e1 2019 y participar\u00e1 este a\u00f1o en Miss Universo. La joven de 22 a\u00f1os es modelo y estudiante de Relaciones Internacionales y represent\u00f3 a Isla Flamenco, en el certamen que cont\u00f3 con 24 concursantes.<\/p>\n<p>Este a\u00f1o, en el certamen que se realiz\u00f3 en la Arena Roberto Dur\u00e1n, en el corregimiento de Juan D\u00edaz, se entregaron adem\u00e1s las coronas de Miss Panam\u00e1 Grand Internacional y Miss Panam\u00e1 Internacional. Carmen Drayton, de Portobelo, ir\u00e1 a Venezuela, para participar del concurso Grand Internacional, que se efectuar\u00e1 el 25 de octubre, en el Poliedro de Caracas. Por su parte, la representante de la provincia de Los Santos, Betzaida Rodr\u00edguez, viajar\u00e1 a Tokio, Jap\u00f3n, para concursar en Miss Internacional, que se celebrar\u00e1 el 12 de noviembre.<\/p>\n<p>&nbsp;<\/p>\n<p>&nbsp;<\/p>\n<p>&nbsp;<\/p>\n","protected":false},"excerpt":{"rendered":"<p>Mehr Eliezer se convirti\u00f3 la noche de este jueves 20 <a href=\"https:\/\/sertv.gob.pa\/crisolfm\/concurso-senorita-panama-2019-lo-gana-mehr-eliezer\/\"> [&#8230;]<\/a><\/p>\n","protected":false},"author":64,"featured_media":20958,"comment_status":"closed","ping_status":"closed","sticky":false,"template":"","format":"standard","meta":{"footnotes":""},"categories":[6],"tags":[],"class_list":["post-20957","post","type-post","status-publish","format-standard","has-post-thumbnail","hentry","category-culturales"],"_links":{"self":[{"href":"https:\/\/sertv.gob.pa\/crisolfm\/wp-json\/wp\/v2\/posts\/20957","targetHints":{"allow":["GET"]}}],"collection":[{"href":"https:\/\/sertv.gob.pa\/crisolfm\/wp-json\/wp\/v2\/posts"}],"about":[{"href":"https:\/\/sertv.gob.pa\/crisolfm\/wp-json\/wp\/v2\/types\/post"}],"author":[{"embeddable":true,"href":"https:\/\/sertv.gob.pa\/crisolfm\/wp-json\/wp\/v2\/users\/64"}],"replies":[{"embeddable":true,"href":"https:\/\/sertv.gob.pa\/crisolfm\/wp-json\/wp\/v2\/comments?post=20957"}],"version-history":[{"count":1,"href":"https:\/\/sertv.gob.pa\/crisolfm\/wp-json\/wp\/v2\/posts\/20957\/revisions"}],"predecessor-version":[{"id":20959,"href":"https:\/\/sertv.gob.pa\/crisolfm\/wp-json\/wp\/v2\/posts\/20957\/revisions\/20959"}],"wp:featuredmedia":[{"embeddable":true,"href":"https:\/\/sertv.gob.pa\/crisolfm\/wp-json\/wp\/v2\/media\/20958"}],"wp:attachment":[{"href":"https:\/\/sertv.gob.pa\/crisolfm\/wp-json\/wp\/v2\/media?parent=20957"}],"wp:term":[{"taxonomy":"category","embeddable":true,"href":"https:\/\/sertv.gob.pa\/crisolfm\/wp-json\/wp\/v2\/categories?post=20957"},{"taxonomy":"post_tag","embeddable":true,"href":"https:\/\/sertv.gob.pa\/crisolfm\/wp-json\/wp\/v2\/tags?post=20957"}],"curies":[{"name":"wp","href":"https:\/\/api.w.org\/{rel}","templated":true}]}}