{"id":20967,"date":"2019-06-21T13:49:31","date_gmt":"2019-06-21T13:49:31","guid":{"rendered":"https:\/\/sertv.gob.pa\/crisolfm\/?p=20967"},"modified":"2019-06-21T13:49:31","modified_gmt":"2019-06-21T13:49:31","slug":"foro-reforestemos-los-bosques-canaleros","status":"publish","type":"post","link":"https:\/\/sertv.gob.pa\/crisolfm\/foro-reforestemos-los-bosques-canaleros\/","title":{"rendered":"Foro \u201cReforestemos los bosques canaleros\u201d"},"content":{"rendered":"<p>La Asociaci\u00f3n de Comunidades de \u00c1rea del Canal invita al foro \u2018Reforestemos los bosques canaleros&#8217;. El encuentro ser\u00e1 ma\u00f1ana s\u00e1bado 22 de junio, en el segundo lago de la v\u00eda Omar Torrijos.<\/p>\n<p>Empezar\u00e1 desde las 10:00 de la ma\u00f1ana hasta las 12:00 mediod\u00eda. La entrada es abierta a todo p\u00fablico.<\/p>\n<p>&nbsp;<\/p>\n","protected":false},"excerpt":{"rendered":"<p>La Asociaci\u00f3n de Comunidades de \u00c1rea del Canal invita al <a href=\"https:\/\/sertv.gob.pa\/crisolfm\/foro-reforestemos-los-bosques-canaleros\/\"> [&#8230;]<\/a><\/p>\n","protected":false},"author":64,"featured_media":20968,"comment_status":"closed","ping_status":"closed","sticky":false,"template":"","format":"standard","meta":{"footnotes":""},"categories":[7],"tags":[],"class_list":["post-20967","post","type-post","status-publish","format-standard","has-post-thumbnail","hentry","category-ecologicas"],"_links":{"self":[{"href":"https:\/\/sertv.gob.pa\/crisolfm\/wp-json\/wp\/v2\/posts\/20967","targetHints":{"allow":["GET"]}}],"collection":[{"href":"https:\/\/sertv.gob.pa\/crisolfm\/wp-json\/wp\/v2\/posts"}],"about":[{"href":"https:\/\/sertv.gob.pa\/crisolfm\/wp-json\/wp\/v2\/types\/post"}],"author":[{"embeddable":true,"href":"https:\/\/sertv.gob.pa\/crisolfm\/wp-json\/wp\/v2\/users\/64"}],"replies":[{"embeddable":true,"href":"https:\/\/sertv.gob.pa\/crisolfm\/wp-json\/wp\/v2\/comments?post=20967"}],"version-history":[{"count":1,"href":"https:\/\/sertv.gob.pa\/crisolfm\/wp-json\/wp\/v2\/posts\/20967\/revisions"}],"predecessor-version":[{"id":20969,"href":"https:\/\/sertv.gob.pa\/crisolfm\/wp-json\/wp\/v2\/posts\/20967\/revisions\/20969"}],"wp:featuredmedia":[{"embeddable":true,"href":"https:\/\/sertv.gob.pa\/crisolfm\/wp-json\/wp\/v2\/media\/20968"}],"wp:attachment":[{"href":"https:\/\/sertv.gob.pa\/crisolfm\/wp-json\/wp\/v2\/media?parent=20967"}],"wp:term":[{"taxonomy":"category","embeddable":true,"href":"https:\/\/sertv.gob.pa\/crisolfm\/wp-json\/wp\/v2\/categories?post=20967"},{"taxonomy":"post_tag","embeddable":true,"href":"https:\/\/sertv.gob.pa\/crisolfm\/wp-json\/wp\/v2\/tags?post=20967"}],"curies":[{"name":"wp","href":"https:\/\/api.w.org\/{rel}","templated":true}]}}