{"id":20979,"date":"2019-06-21T14:17:17","date_gmt":"2019-06-21T14:17:17","guid":{"rendered":"https:\/\/sertv.gob.pa\/crisolfm\/?p=20979"},"modified":"2019-06-21T14:17:17","modified_gmt":"2019-06-21T14:17:17","slug":"india-celebra-el-dia-internacional-del-yoga","status":"publish","type":"post","link":"https:\/\/sertv.gob.pa\/crisolfm\/india-celebra-el-dia-internacional-del-yoga\/","title":{"rendered":"India celebra el D\u00eda Internacional del Yoga"},"content":{"rendered":"<p>El primer ministro indio, Narendra Modi, particip\u00f3 este viernes en las celebraciones del D\u00eda Internacional del Yoga, efectuando el saludo al sol y otras posturas en una sesi\u00f3n multitudinaria junto a otros 30.000 aficionados de esta disciplina. El D\u00eda Internacional del Yoga, celebrado sobre todo en India, pero tambi\u00e9n en otros pa\u00edses del hemisferio norte en el d\u00eda m\u00e1s largo del a\u00f1o, fue una iniciativa de Modi. Fue adoptado de forma un\u00e1nime por la ONU en 2014 y se llev\u00f3 a cabo por primera vez en 2015.<\/p>\n<p>Modi, que se desplaz\u00f3 a Ranchi, en el norte de India, desde donde se retransmiti\u00f3 por internet el multitudinario evento, utiliz\u00f3 este a\u00f1o la red de LinkedIn para elogiar esta pr\u00e1ctica como la \u00abpanacea\u00bb contra el estr\u00e9s e incluso el odio.\u00bbEn un mundo donde las ideolog\u00edas del odio pueden potencialmente dividir a hermanos, el yoga puede actuar como una fuerza unificadora\u00bb, afirm\u00f3 el dirigente, de 68 a\u00f1os. \u00abEn un momento en que las enfermedades, especialmente las relacionadas con el estr\u00e9s, van en aumento, el yoga proporciona alivio y alegr\u00eda\u00bb.<\/p>\n<p>El tema de esta quinta edici\u00f3n es la \u00abacci\u00f3n clim\u00e1tica\u00bb. Por eso Modi dijo que el yoga puede \u00abfomentar la unidad (&#8230;) con toda la flora y la fauna con quien compartimos la belleza del planeta\u00bb.<\/p>\n<p>AFP<\/p>\n<p>&nbsp;<\/p>\n","protected":false},"excerpt":{"rendered":"<p>El primer ministro indio, Narendra Modi, particip\u00f3 este viernes en <a href=\"https:\/\/sertv.gob.pa\/crisolfm\/india-celebra-el-dia-internacional-del-yoga\/\"> [&#8230;]<\/a><\/p>\n","protected":false},"author":64,"featured_media":20980,"comment_status":"closed","ping_status":"closed","sticky":false,"template":"","format":"standard","meta":{"footnotes":""},"categories":[6],"tags":[],"class_list":["post-20979","post","type-post","status-publish","format-standard","has-post-thumbnail","hentry","category-culturales"],"_links":{"self":[{"href":"https:\/\/sertv.gob.pa\/crisolfm\/wp-json\/wp\/v2\/posts\/20979","targetHints":{"allow":["GET"]}}],"collection":[{"href":"https:\/\/sertv.gob.pa\/crisolfm\/wp-json\/wp\/v2\/posts"}],"about":[{"href":"https:\/\/sertv.gob.pa\/crisolfm\/wp-json\/wp\/v2\/types\/post"}],"author":[{"embeddable":true,"href":"https:\/\/sertv.gob.pa\/crisolfm\/wp-json\/wp\/v2\/users\/64"}],"replies":[{"embeddable":true,"href":"https:\/\/sertv.gob.pa\/crisolfm\/wp-json\/wp\/v2\/comments?post=20979"}],"version-history":[{"count":1,"href":"https:\/\/sertv.gob.pa\/crisolfm\/wp-json\/wp\/v2\/posts\/20979\/revisions"}],"predecessor-version":[{"id":20981,"href":"https:\/\/sertv.gob.pa\/crisolfm\/wp-json\/wp\/v2\/posts\/20979\/revisions\/20981"}],"wp:featuredmedia":[{"embeddable":true,"href":"https:\/\/sertv.gob.pa\/crisolfm\/wp-json\/wp\/v2\/media\/20980"}],"wp:attachment":[{"href":"https:\/\/sertv.gob.pa\/crisolfm\/wp-json\/wp\/v2\/media?parent=20979"}],"wp:term":[{"taxonomy":"category","embeddable":true,"href":"https:\/\/sertv.gob.pa\/crisolfm\/wp-json\/wp\/v2\/categories?post=20979"},{"taxonomy":"post_tag","embeddable":true,"href":"https:\/\/sertv.gob.pa\/crisolfm\/wp-json\/wp\/v2\/tags?post=20979"}],"curies":[{"name":"wp","href":"https:\/\/api.w.org\/{rel}","templated":true}]}}