{"id":20982,"date":"2019-06-21T14:22:30","date_gmt":"2019-06-21T14:22:30","guid":{"rendered":"https:\/\/sertv.gob.pa\/crisolfm\/?p=20982"},"modified":"2019-06-21T14:22:30","modified_gmt":"2019-06-21T14:22:30","slug":"exposicion-corpus-christi-en-la-villa-de-los-santos","status":"publish","type":"post","link":"https:\/\/sertv.gob.pa\/crisolfm\/exposicion-corpus-christi-en-la-villa-de-los-santos\/","title":{"rendered":"Exposici\u00f3n \u201cCorpus Christi\u201d en La Villa de Los Santos"},"content":{"rendered":"<p>En celebraci\u00f3n por el Corpus Christi, el Museo de La Nacionalidad en La Villa de Los Santos inaugur\u00f3 la exposici\u00f3n temporal dedicada a la festividad, que estar\u00e1 disponible hasta el pr\u00f3ximo 29 de junio.<\/p>\n<p>La muestra est\u00e1 conformada por fotograf\u00edas de las danzas y acontecimientos que integran esta celebraci\u00f3n religiosa, folcl\u00f3rica y cultural. La muestra reflejar\u00e1 m\u00e1s de la tradici\u00f3n de la regi\u00f3n de Azuero.<\/p>\n<p>&nbsp;<\/p>\n","protected":false},"excerpt":{"rendered":"<p>En celebraci\u00f3n por el Corpus Christi, el Museo de La <a href=\"https:\/\/sertv.gob.pa\/crisolfm\/exposicion-corpus-christi-en-la-villa-de-los-santos\/\"> [&#8230;]<\/a><\/p>\n","protected":false},"author":64,"featured_media":20983,"comment_status":"closed","ping_status":"closed","sticky":false,"template":"","format":"standard","meta":{"footnotes":""},"categories":[6],"tags":[],"class_list":["post-20982","post","type-post","status-publish","format-standard","has-post-thumbnail","hentry","category-culturales"],"_links":{"self":[{"href":"https:\/\/sertv.gob.pa\/crisolfm\/wp-json\/wp\/v2\/posts\/20982","targetHints":{"allow":["GET"]}}],"collection":[{"href":"https:\/\/sertv.gob.pa\/crisolfm\/wp-json\/wp\/v2\/posts"}],"about":[{"href":"https:\/\/sertv.gob.pa\/crisolfm\/wp-json\/wp\/v2\/types\/post"}],"author":[{"embeddable":true,"href":"https:\/\/sertv.gob.pa\/crisolfm\/wp-json\/wp\/v2\/users\/64"}],"replies":[{"embeddable":true,"href":"https:\/\/sertv.gob.pa\/crisolfm\/wp-json\/wp\/v2\/comments?post=20982"}],"version-history":[{"count":1,"href":"https:\/\/sertv.gob.pa\/crisolfm\/wp-json\/wp\/v2\/posts\/20982\/revisions"}],"predecessor-version":[{"id":20984,"href":"https:\/\/sertv.gob.pa\/crisolfm\/wp-json\/wp\/v2\/posts\/20982\/revisions\/20984"}],"wp:featuredmedia":[{"embeddable":true,"href":"https:\/\/sertv.gob.pa\/crisolfm\/wp-json\/wp\/v2\/media\/20983"}],"wp:attachment":[{"href":"https:\/\/sertv.gob.pa\/crisolfm\/wp-json\/wp\/v2\/media?parent=20982"}],"wp:term":[{"taxonomy":"category","embeddable":true,"href":"https:\/\/sertv.gob.pa\/crisolfm\/wp-json\/wp\/v2\/categories?post=20982"},{"taxonomy":"post_tag","embeddable":true,"href":"https:\/\/sertv.gob.pa\/crisolfm\/wp-json\/wp\/v2\/tags?post=20982"}],"curies":[{"name":"wp","href":"https:\/\/api.w.org\/{rel}","templated":true}]}}