{"id":20997,"date":"2019-06-24T13:33:13","date_gmt":"2019-06-24T13:33:13","guid":{"rendered":"https:\/\/sertv.gob.pa\/crisolfm\/?p=20997"},"modified":"2019-06-24T13:33:13","modified_gmt":"2019-06-24T13:33:13","slug":"europa-en-alerta-por-ola-de-calor","status":"publish","type":"post","link":"https:\/\/sertv.gob.pa\/crisolfm\/europa-en-alerta-por-ola-de-calor\/","title":{"rendered":"Europa en alerta por ola de calor"},"content":{"rendered":"<p>Europa se prepara para sufrir altas temperaturas extremas que podr\u00edan durar toda la semana, por lo que hay alerta de \u00abola de calor\u00bb en Espa\u00f1a, plan &#8216;can\u00edcula&#8217; en Par\u00eds, preocupaci\u00f3n de agricultores alemanes y advertencia de \u00abfuerte calor\u00bb en B\u00e9lgica, entre otros pa\u00edses. La agencia meteorol\u00f3gica espa\u00f1ola AEMET indic\u00f3 en su \u00faltimo bolet\u00edn que \u00abse superar\u00e1n los 35\u00baC en amplias zonas del interior peninsular; incluso es bastante probable que se alcancen o superen los 40\u00baC en \u00e1reas del centro\u00bb, por lo que lanz\u00f3 una alerta de ola de calor.<\/p>\n<p>\u00abEs probable que las altas temperaturas persistan, al menos, hasta el domingo 30. No se descarta que puedan prolongarse durante los primeros d\u00edas de julio en algunas zonas\u00bb, a\u00f1adi\u00f3 la agencia espa\u00f1ola. \u00abSe espera que las temperaturas alcancen valores significativamente altos de forma casi generalizada en la Pen\u00ednsula y (islas) Baleares\u00bb, se\u00f1al\u00f3.<\/p>\n<p>AFP<\/p>\n","protected":false},"excerpt":{"rendered":"<p>Europa se prepara para sufrir altas temperaturas extremas que podr\u00edan <a href=\"https:\/\/sertv.gob.pa\/crisolfm\/europa-en-alerta-por-ola-de-calor\/\"> [&#8230;]<\/a><\/p>\n","protected":false},"author":64,"featured_media":20998,"comment_status":"closed","ping_status":"closed","sticky":false,"template":"","format":"standard","meta":{"footnotes":""},"categories":[7],"tags":[],"class_list":["post-20997","post","type-post","status-publish","format-standard","has-post-thumbnail","hentry","category-ecologicas"],"_links":{"self":[{"href":"https:\/\/sertv.gob.pa\/crisolfm\/wp-json\/wp\/v2\/posts\/20997","targetHints":{"allow":["GET"]}}],"collection":[{"href":"https:\/\/sertv.gob.pa\/crisolfm\/wp-json\/wp\/v2\/posts"}],"about":[{"href":"https:\/\/sertv.gob.pa\/crisolfm\/wp-json\/wp\/v2\/types\/post"}],"author":[{"embeddable":true,"href":"https:\/\/sertv.gob.pa\/crisolfm\/wp-json\/wp\/v2\/users\/64"}],"replies":[{"embeddable":true,"href":"https:\/\/sertv.gob.pa\/crisolfm\/wp-json\/wp\/v2\/comments?post=20997"}],"version-history":[{"count":1,"href":"https:\/\/sertv.gob.pa\/crisolfm\/wp-json\/wp\/v2\/posts\/20997\/revisions"}],"predecessor-version":[{"id":20999,"href":"https:\/\/sertv.gob.pa\/crisolfm\/wp-json\/wp\/v2\/posts\/20997\/revisions\/20999"}],"wp:featuredmedia":[{"embeddable":true,"href":"https:\/\/sertv.gob.pa\/crisolfm\/wp-json\/wp\/v2\/media\/20998"}],"wp:attachment":[{"href":"https:\/\/sertv.gob.pa\/crisolfm\/wp-json\/wp\/v2\/media?parent=20997"}],"wp:term":[{"taxonomy":"category","embeddable":true,"href":"https:\/\/sertv.gob.pa\/crisolfm\/wp-json\/wp\/v2\/categories?post=20997"},{"taxonomy":"post_tag","embeddable":true,"href":"https:\/\/sertv.gob.pa\/crisolfm\/wp-json\/wp\/v2\/tags?post=20997"}],"curies":[{"name":"wp","href":"https:\/\/api.w.org\/{rel}","templated":true}]}}