{"id":21003,"date":"2019-06-24T13:43:50","date_gmt":"2019-06-24T13:43:50","guid":{"rendered":"https:\/\/sertv.gob.pa\/crisolfm\/?p=21003"},"modified":"2019-06-24T13:43:50","modified_gmt":"2019-06-24T13:43:50","slug":"manifestacion-de-miles-de-activistas-ecologistas-que-buscan-ocupar-mina-de-carbon-en-alemania","status":"publish","type":"post","link":"https:\/\/sertv.gob.pa\/crisolfm\/manifestacion-de-miles-de-activistas-ecologistas-que-buscan-ocupar-mina-de-carbon-en-alemania\/","title":{"rendered":"Manifestaci\u00f3n de miles de activistas ecologistas que buscan ocupar mina de carb\u00f3n en Alemania"},"content":{"rendered":"<p>Decenas de miles de activistas ecologistas se manifestaron el viernes en Alemania para exigir acciones contra el calentamiento global, que ahora es uno de los temas m\u00e1s candentes en la agenda pol\u00edtica europea.<\/p>\n<p>Mientras que los activistas contra el carb\u00f3n intentaron alcanzar y ocupar una enorme mina de lignito a cielo abierto, el movimiento estudiantil &#8216;Viernes para el Futuro&#8217; organiz\u00f3 lo que hasta ahora ha sido su mayor manifestaci\u00f3n internacional. Al menos 20.000 j\u00f3venes activistas de 17 pa\u00edses se dirigieron a Aquisgr\u00e1n cerca de las fronteras con Holanda y B\u00e9lgica para una gran demostraci\u00f3n de fuerza del movimiento estudiantil lanzado por la activista adolescente sueca Greta Thunberg.<\/p>\n<p>El plan de los activistas es forzar las barreras policiales para ingresar y ocupar la inmensa mina de lignito, un carb\u00f3n barato y extremadamente contaminante. La polic\u00eda advirti\u00f3 a los manifestantes que ingresar al \u00e1rea de la mina es peligroso, y el propietario de la mina, el grupo RWE, indic\u00f3 que quien sea encontrado en la propiedad ser\u00e1 procesado.<\/p>\n<p>AFP<\/p>\n<p>&nbsp;<\/p>\n","protected":false},"excerpt":{"rendered":"<p>Decenas de miles de activistas ecologistas se manifestaron el viernes <a href=\"https:\/\/sertv.gob.pa\/crisolfm\/manifestacion-de-miles-de-activistas-ecologistas-que-buscan-ocupar-mina-de-carbon-en-alemania\/\"> [&#8230;]<\/a><\/p>\n","protected":false},"author":64,"featured_media":21004,"comment_status":"closed","ping_status":"closed","sticky":false,"template":"","format":"standard","meta":{"footnotes":""},"categories":[7],"tags":[],"class_list":["post-21003","post","type-post","status-publish","format-standard","has-post-thumbnail","hentry","category-ecologicas"],"_links":{"self":[{"href":"https:\/\/sertv.gob.pa\/crisolfm\/wp-json\/wp\/v2\/posts\/21003","targetHints":{"allow":["GET"]}}],"collection":[{"href":"https:\/\/sertv.gob.pa\/crisolfm\/wp-json\/wp\/v2\/posts"}],"about":[{"href":"https:\/\/sertv.gob.pa\/crisolfm\/wp-json\/wp\/v2\/types\/post"}],"author":[{"embeddable":true,"href":"https:\/\/sertv.gob.pa\/crisolfm\/wp-json\/wp\/v2\/users\/64"}],"replies":[{"embeddable":true,"href":"https:\/\/sertv.gob.pa\/crisolfm\/wp-json\/wp\/v2\/comments?post=21003"}],"version-history":[{"count":1,"href":"https:\/\/sertv.gob.pa\/crisolfm\/wp-json\/wp\/v2\/posts\/21003\/revisions"}],"predecessor-version":[{"id":21005,"href":"https:\/\/sertv.gob.pa\/crisolfm\/wp-json\/wp\/v2\/posts\/21003\/revisions\/21005"}],"wp:featuredmedia":[{"embeddable":true,"href":"https:\/\/sertv.gob.pa\/crisolfm\/wp-json\/wp\/v2\/media\/21004"}],"wp:attachment":[{"href":"https:\/\/sertv.gob.pa\/crisolfm\/wp-json\/wp\/v2\/media?parent=21003"}],"wp:term":[{"taxonomy":"category","embeddable":true,"href":"https:\/\/sertv.gob.pa\/crisolfm\/wp-json\/wp\/v2\/categories?post=21003"},{"taxonomy":"post_tag","embeddable":true,"href":"https:\/\/sertv.gob.pa\/crisolfm\/wp-json\/wp\/v2\/tags?post=21003"}],"curies":[{"name":"wp","href":"https:\/\/api.w.org\/{rel}","templated":true}]}}