{"id":21021,"date":"2019-06-24T14:37:11","date_gmt":"2019-06-24T14:37:11","guid":{"rendered":"https:\/\/sertv.gob.pa\/crisolfm\/?p=21021"},"modified":"2019-06-24T14:37:11","modified_gmt":"2019-06-24T14:37:11","slug":"corrigen-una-nueva-restauracion-fatal-en-espana-un-san-jorge-del-s-xvi","status":"publish","type":"post","link":"https:\/\/sertv.gob.pa\/crisolfm\/corrigen-una-nueva-restauracion-fatal-en-espana-un-san-jorge-del-s-xvi\/","title":{"rendered":"Corrigen una nueva restauraci\u00f3n fatal en Espa\u00f1a, un San Jorge del S. XVI"},"content":{"rendered":"<p>Las autoridades de la regi\u00f3n espa\u00f1ola de Navarra restauraron una escultura de San Jorge del siglo XVI, desfigurada por unos vecinos en el \u00faltimo cap\u00edtulo de toda una serie de chapuzas sobre el patrimonio hist\u00f3rico. La pieza es una escultura tallada en el siglo XVI y con policrom\u00edas del XVIII, que se encontraba en la parroquia de San Miguel, en el pueblo navarro de Estella.<\/p>\n<p>Representa al santo a caballo abatiendo al drag\u00f3n, y el a\u00f1o pasado fue &#8216;restaurada&#8217; por unos vecinos aficionados a las manualidades. Estos le a\u00f1adieron yeso y acr\u00edlico hasta convertir la talla en una aut\u00e9ntica parodia, con el rostro del santo m\u00e1s parecida a una figura de c\u00f3mic, y el caballo pintado de azul chill\u00f3n. La chapuza fue conocida de las autoridades locales el verano del a\u00f1o pasado, y se sald\u00f3 con sendas multas de 6.010 euros a la parroquia y a la empresa de manualidades que efectu\u00f3 la &#8216;restauraci\u00f3n&#8217;.<\/p>\n<p>Ahora, despu\u00e9s de tres meses de trabajo en un laboratorio oficial en Pamplona, el San Jorge ha recuperado su dignidad, con un coste de m\u00e1s de 30.000 euros, sufragados por la parroquia, seg\u00fan el gobierno regional navarro.<\/p>\n<p>AFP<\/p>\n","protected":false},"excerpt":{"rendered":"<p>Las autoridades de la regi\u00f3n espa\u00f1ola de Navarra restauraron una <a href=\"https:\/\/sertv.gob.pa\/crisolfm\/corrigen-una-nueva-restauracion-fatal-en-espana-un-san-jorge-del-s-xvi\/\"> [&#8230;]<\/a><\/p>\n","protected":false},"author":64,"featured_media":21022,"comment_status":"closed","ping_status":"closed","sticky":false,"template":"","format":"standard","meta":{"footnotes":""},"categories":[6],"tags":[],"class_list":["post-21021","post","type-post","status-publish","format-standard","has-post-thumbnail","hentry","category-culturales"],"_links":{"self":[{"href":"https:\/\/sertv.gob.pa\/crisolfm\/wp-json\/wp\/v2\/posts\/21021","targetHints":{"allow":["GET"]}}],"collection":[{"href":"https:\/\/sertv.gob.pa\/crisolfm\/wp-json\/wp\/v2\/posts"}],"about":[{"href":"https:\/\/sertv.gob.pa\/crisolfm\/wp-json\/wp\/v2\/types\/post"}],"author":[{"embeddable":true,"href":"https:\/\/sertv.gob.pa\/crisolfm\/wp-json\/wp\/v2\/users\/64"}],"replies":[{"embeddable":true,"href":"https:\/\/sertv.gob.pa\/crisolfm\/wp-json\/wp\/v2\/comments?post=21021"}],"version-history":[{"count":1,"href":"https:\/\/sertv.gob.pa\/crisolfm\/wp-json\/wp\/v2\/posts\/21021\/revisions"}],"predecessor-version":[{"id":21023,"href":"https:\/\/sertv.gob.pa\/crisolfm\/wp-json\/wp\/v2\/posts\/21021\/revisions\/21023"}],"wp:featuredmedia":[{"embeddable":true,"href":"https:\/\/sertv.gob.pa\/crisolfm\/wp-json\/wp\/v2\/media\/21022"}],"wp:attachment":[{"href":"https:\/\/sertv.gob.pa\/crisolfm\/wp-json\/wp\/v2\/media?parent=21021"}],"wp:term":[{"taxonomy":"category","embeddable":true,"href":"https:\/\/sertv.gob.pa\/crisolfm\/wp-json\/wp\/v2\/categories?post=21021"},{"taxonomy":"post_tag","embeddable":true,"href":"https:\/\/sertv.gob.pa\/crisolfm\/wp-json\/wp\/v2\/tags?post=21021"}],"curies":[{"name":"wp","href":"https:\/\/api.w.org\/{rel}","templated":true}]}}