{"id":21024,"date":"2019-06-24T14:43:34","date_gmt":"2019-06-24T14:43:34","guid":{"rendered":"https:\/\/sertv.gob.pa\/crisolfm\/?p=21024"},"modified":"2019-06-24T14:43:34","modified_gmt":"2019-06-24T14:43:34","slug":"ciudad-de-israel-cambia-de-nombre-para-que-no-la-confundan-con-nazaret","status":"publish","type":"post","link":"https:\/\/sertv.gob.pa\/crisolfm\/ciudad-de-israel-cambia-de-nombre-para-que-no-la-confundan-con-nazaret\/","title":{"rendered":"Ciudad de Israel cambia de nombre para que no la confundan con Nazaret"},"content":{"rendered":"<p>La ciudad israel\u00ed de Nazaret Illit adopt\u00f3 un nuevo nombre para que no la confundan con su vecina Nazaret, el lugar de la infancia de Jes\u00fas seg\u00fan la tradici\u00f3n cristiana. La propuesta de rebautizar la ciudad como Nof Hagalil (Vista de Galilea, en hebreo) se aprob\u00f3 tras un sondeo entre m\u00e1s de 10.000 habitantes de Nazaret Illit (Altos de Nazaret).<\/p>\n<p>Las autoridades municipales recibieron la autorizaci\u00f3n del gobierno para hacer el cambio hace seis meses y un comit\u00e9 seleccion\u00f3 el nuevo nombre, que fue aprobado por los residentes, explic\u00f3 este domingo a la AFP Orna Buhbut, portavoz de la alcald\u00eda. El alcalde, Ronen Plot, organiz\u00f3 una recepci\u00f3n el viernes para festejar el cambio.<\/p>\n<p>El nombre Nazaret Illit se adopt\u00f3 tras la fundaci\u00f3n de la ciudad en los a\u00f1os 1950, poco despu\u00e9s de la proclamaci\u00f3n del Estado de Israel.<\/p>\n<p>AFP<\/p>\n","protected":false},"excerpt":{"rendered":"<p>La ciudad israel\u00ed de Nazaret Illit adopt\u00f3 un nuevo nombre <a href=\"https:\/\/sertv.gob.pa\/crisolfm\/ciudad-de-israel-cambia-de-nombre-para-que-no-la-confundan-con-nazaret\/\"> [&#8230;]<\/a><\/p>\n","protected":false},"author":64,"featured_media":21025,"comment_status":"closed","ping_status":"closed","sticky":false,"template":"","format":"standard","meta":{"footnotes":""},"categories":[6],"tags":[],"class_list":["post-21024","post","type-post","status-publish","format-standard","has-post-thumbnail","hentry","category-culturales"],"_links":{"self":[{"href":"https:\/\/sertv.gob.pa\/crisolfm\/wp-json\/wp\/v2\/posts\/21024","targetHints":{"allow":["GET"]}}],"collection":[{"href":"https:\/\/sertv.gob.pa\/crisolfm\/wp-json\/wp\/v2\/posts"}],"about":[{"href":"https:\/\/sertv.gob.pa\/crisolfm\/wp-json\/wp\/v2\/types\/post"}],"author":[{"embeddable":true,"href":"https:\/\/sertv.gob.pa\/crisolfm\/wp-json\/wp\/v2\/users\/64"}],"replies":[{"embeddable":true,"href":"https:\/\/sertv.gob.pa\/crisolfm\/wp-json\/wp\/v2\/comments?post=21024"}],"version-history":[{"count":1,"href":"https:\/\/sertv.gob.pa\/crisolfm\/wp-json\/wp\/v2\/posts\/21024\/revisions"}],"predecessor-version":[{"id":21026,"href":"https:\/\/sertv.gob.pa\/crisolfm\/wp-json\/wp\/v2\/posts\/21024\/revisions\/21026"}],"wp:featuredmedia":[{"embeddable":true,"href":"https:\/\/sertv.gob.pa\/crisolfm\/wp-json\/wp\/v2\/media\/21025"}],"wp:attachment":[{"href":"https:\/\/sertv.gob.pa\/crisolfm\/wp-json\/wp\/v2\/media?parent=21024"}],"wp:term":[{"taxonomy":"category","embeddable":true,"href":"https:\/\/sertv.gob.pa\/crisolfm\/wp-json\/wp\/v2\/categories?post=21024"},{"taxonomy":"post_tag","embeddable":true,"href":"https:\/\/sertv.gob.pa\/crisolfm\/wp-json\/wp\/v2\/tags?post=21024"}],"curies":[{"name":"wp","href":"https:\/\/api.w.org\/{rel}","templated":true}]}}