{"id":21051,"date":"2019-06-25T14:30:13","date_gmt":"2019-06-25T14:30:13","guid":{"rendered":"https:\/\/sertv.gob.pa\/crisolfm\/?p=21051"},"modified":"2019-06-25T14:30:13","modified_gmt":"2019-06-25T14:30:13","slug":"conversatorio-sobre-el-calentamiento-global","status":"publish","type":"post","link":"https:\/\/sertv.gob.pa\/crisolfm\/conversatorio-sobre-el-calentamiento-global\/","title":{"rendered":"Conversatorio sobre el calentamiento global"},"content":{"rendered":"<p>La Fundaci\u00f3n Punto Inicial-Plataforma Cultural, mediante su proyecto ambiental Burwigan, en colaboraci\u00f3n con Panama Coworking, presenta el cineforo en torno al calentamiento global. En el evento participar\u00e1n activistas ambientales. Adem\u00e1s, habr\u00e1 una proyecci\u00f3n del cortometraje \u2018Do The Math&#8217;, una cr\u00f3nica documental sobre el creciente movimiento de las crisis clim\u00e1ticas y los desaf\u00edos sobre la industria de combustibles y f\u00f3siles.<\/p>\n<p>La cita ser\u00e1 el pr\u00f3ximo 2 de julio en Obarrio, calle 59, Plaza Kenex, piso 9, Sal\u00f3n Roraima. Desde las 6:30 de la tarde hasta las 9:30 de la noche. La actividad es abierta a todo p\u00fablico. Para mayor informaci\u00f3n, contactar al tel\u00e9fono 200-7949.<\/p>\n<p>&nbsp;<\/p>\n","protected":false},"excerpt":{"rendered":"<p>La Fundaci\u00f3n Punto Inicial-Plataforma Cultural, mediante su proyecto ambiental Burwigan, <a href=\"https:\/\/sertv.gob.pa\/crisolfm\/conversatorio-sobre-el-calentamiento-global\/\"> [&#8230;]<\/a><\/p>\n","protected":false},"author":64,"featured_media":21052,"comment_status":"closed","ping_status":"closed","sticky":false,"template":"","format":"standard","meta":{"footnotes":""},"categories":[7],"tags":[],"class_list":["post-21051","post","type-post","status-publish","format-standard","has-post-thumbnail","hentry","category-ecologicas"],"_links":{"self":[{"href":"https:\/\/sertv.gob.pa\/crisolfm\/wp-json\/wp\/v2\/posts\/21051","targetHints":{"allow":["GET"]}}],"collection":[{"href":"https:\/\/sertv.gob.pa\/crisolfm\/wp-json\/wp\/v2\/posts"}],"about":[{"href":"https:\/\/sertv.gob.pa\/crisolfm\/wp-json\/wp\/v2\/types\/post"}],"author":[{"embeddable":true,"href":"https:\/\/sertv.gob.pa\/crisolfm\/wp-json\/wp\/v2\/users\/64"}],"replies":[{"embeddable":true,"href":"https:\/\/sertv.gob.pa\/crisolfm\/wp-json\/wp\/v2\/comments?post=21051"}],"version-history":[{"count":1,"href":"https:\/\/sertv.gob.pa\/crisolfm\/wp-json\/wp\/v2\/posts\/21051\/revisions"}],"predecessor-version":[{"id":21053,"href":"https:\/\/sertv.gob.pa\/crisolfm\/wp-json\/wp\/v2\/posts\/21051\/revisions\/21053"}],"wp:featuredmedia":[{"embeddable":true,"href":"https:\/\/sertv.gob.pa\/crisolfm\/wp-json\/wp\/v2\/media\/21052"}],"wp:attachment":[{"href":"https:\/\/sertv.gob.pa\/crisolfm\/wp-json\/wp\/v2\/media?parent=21051"}],"wp:term":[{"taxonomy":"category","embeddable":true,"href":"https:\/\/sertv.gob.pa\/crisolfm\/wp-json\/wp\/v2\/categories?post=21051"},{"taxonomy":"post_tag","embeddable":true,"href":"https:\/\/sertv.gob.pa\/crisolfm\/wp-json\/wp\/v2\/tags?post=21051"}],"curies":[{"name":"wp","href":"https:\/\/api.w.org\/{rel}","templated":true}]}}