{"id":21089,"date":"2019-06-26T13:55:32","date_gmt":"2019-06-26T13:55:32","guid":{"rendered":"https:\/\/sertv.gob.pa\/crisolfm\/?p=21089"},"modified":"2019-06-26T13:55:32","modified_gmt":"2019-06-26T13:55:32","slug":"francia-reabrira-al-publico-una-joya-de-jerusalen-la-tumba-de-los-reyes","status":"publish","type":"post","link":"https:\/\/sertv.gob.pa\/crisolfm\/francia-reabrira-al-publico-una-joya-de-jerusalen-la-tumba-de-los-reyes\/","title":{"rendered":"Francia reabrir\u00e1 al p\u00fablico una joya de Jerusal\u00e9n, la Tumba de los Reyes"},"content":{"rendered":"<p>Francia se apresta a reabrir al p\u00fablico la Tumba de los Reyes, joya arqueol\u00f3gica de 2.000 a\u00f1os de antig\u00fcedad de la cual es propietaria en el coraz\u00f3n de Jerusal\u00e9n y que estaba cerrada desde 2010, anunci\u00f3 el consulado general franc\u00e9s en su sitio internet.<\/p>\n<p>Este notable ejemplo de arquitectura funeraria de la \u00e9poca romana, que albergaba sarc\u00f3fagos en c\u00e1maras y es considerado uno de los complejos m\u00e1s grandes de ese periodo en la regi\u00f3n, ser\u00e1 accesible dos veces por semana por la ma\u00f1ana y \u00fanicamente mediante reserva online, seg\u00fan la misma fuente.<\/p>\n<p>\u00abLa Tumba de los Reyes es un lugar funerario. Los visitantes deben estar vestidos de manera conveniente y respetar el lugar\u00bb, se advierte.<\/p>\n<p>AFP<\/p>\n","protected":false},"excerpt":{"rendered":"<p>Francia se apresta a reabrir al p\u00fablico la Tumba de <a href=\"https:\/\/sertv.gob.pa\/crisolfm\/francia-reabrira-al-publico-una-joya-de-jerusalen-la-tumba-de-los-reyes\/\"> [&#8230;]<\/a><\/p>\n","protected":false},"author":64,"featured_media":21090,"comment_status":"closed","ping_status":"closed","sticky":false,"template":"","format":"standard","meta":{"footnotes":""},"categories":[6],"tags":[],"class_list":["post-21089","post","type-post","status-publish","format-standard","has-post-thumbnail","hentry","category-culturales"],"_links":{"self":[{"href":"https:\/\/sertv.gob.pa\/crisolfm\/wp-json\/wp\/v2\/posts\/21089","targetHints":{"allow":["GET"]}}],"collection":[{"href":"https:\/\/sertv.gob.pa\/crisolfm\/wp-json\/wp\/v2\/posts"}],"about":[{"href":"https:\/\/sertv.gob.pa\/crisolfm\/wp-json\/wp\/v2\/types\/post"}],"author":[{"embeddable":true,"href":"https:\/\/sertv.gob.pa\/crisolfm\/wp-json\/wp\/v2\/users\/64"}],"replies":[{"embeddable":true,"href":"https:\/\/sertv.gob.pa\/crisolfm\/wp-json\/wp\/v2\/comments?post=21089"}],"version-history":[{"count":1,"href":"https:\/\/sertv.gob.pa\/crisolfm\/wp-json\/wp\/v2\/posts\/21089\/revisions"}],"predecessor-version":[{"id":21091,"href":"https:\/\/sertv.gob.pa\/crisolfm\/wp-json\/wp\/v2\/posts\/21089\/revisions\/21091"}],"wp:featuredmedia":[{"embeddable":true,"href":"https:\/\/sertv.gob.pa\/crisolfm\/wp-json\/wp\/v2\/media\/21090"}],"wp:attachment":[{"href":"https:\/\/sertv.gob.pa\/crisolfm\/wp-json\/wp\/v2\/media?parent=21089"}],"wp:term":[{"taxonomy":"category","embeddable":true,"href":"https:\/\/sertv.gob.pa\/crisolfm\/wp-json\/wp\/v2\/categories?post=21089"},{"taxonomy":"post_tag","embeddable":true,"href":"https:\/\/sertv.gob.pa\/crisolfm\/wp-json\/wp\/v2\/tags?post=21089"}],"curies":[{"name":"wp","href":"https:\/\/api.w.org\/{rel}","templated":true}]}}