{"id":21103,"date":"2019-06-26T14:44:11","date_gmt":"2019-06-26T14:44:11","guid":{"rendered":"https:\/\/sertv.gob.pa\/crisolfm\/?p=21103"},"modified":"2019-06-26T14:44:11","modified_gmt":"2019-06-26T14:44:11","slug":"la-mayoria-de-los-espanoles-respiran-aire-contaminado","status":"publish","type":"post","link":"https:\/\/sertv.gob.pa\/crisolfm\/la-mayoria-de-los-espanoles-respiran-aire-contaminado\/","title":{"rendered":"La mayor\u00eda de los espa\u00f1oles respiran aire contaminado"},"content":{"rendered":"<p>La ONG apuesta como \u00ab\u00fanica forma\u00bb de <strong>mejorar la contaminaci\u00f3n<\/strong> en las ciudades por <strong>reducir el tr\u00e1fico motorizado<\/strong>, <strong>potenciar el transporte p\u00fablico<\/strong>, la <strong>bicicleta y el tr\u00e1nsito peatonal<\/strong>, as\u00ed como promover el <strong>ahorro energ\u00e9tico<\/strong>, <strong>mejores t\u00e9cnicas industriales <\/strong>disponibles, <strong>cerrar centrales t\u00e9rmicas de carb\u00f3n<\/strong>, <strong>penalizar el di\u00e9sel <\/strong>y declarar un<strong> \u00e1rea de control de las emisiones del transporte mar\u00edtimo<\/strong> en el Mediterr\u00e1neo como las del B\u00e1ltico y el Mar del Norte.<\/p>\n<p>El informe anual se\u00f1ala que las part\u00edculas y el di\u00f3xido de nitr\u00f3geno cayeron en 2018 pero <strong>el ozono sigue siendo el contaminante m\u00e1s extendido<\/strong> y sus niveles siguen estacionados o bien aumentaron. Pese a las abundantes lluvias, el <strong>cambio clim\u00e1tico<\/strong> y el repunte en la <strong>quema de combustibles f\u00f3siles<\/strong> mantienen un problema que afecta a la salud de la ciudadan\u00eda, pero tambi\u00e9n a los cultivos, bosques y espacios naturales.<\/p>\n<p>El informe recuerda que <strong>cada a\u00f1o mueren en Espa\u00f1a hasta 30.000 personas de manera prematura\u00a0<\/strong>y que los <strong>costes sanitarios<\/strong> derivados de la contaminaci\u00f3n atmosf\u00e9rica superan los 50.000 millones de d\u00f3lares anuales, el 3,5 por ciento del PIB espa\u00f1ol, seg\u00fan el Banco Mundial. A esto hay que sumar los da\u00f1os a cultivos y ecosistemas naturales.<\/p>\n<p>ECOticias<\/p>\n","protected":false},"excerpt":{"rendered":"<p>La ONG apuesta como \u00ab\u00fanica forma\u00bb de mejorar la contaminaci\u00f3n <a href=\"https:\/\/sertv.gob.pa\/crisolfm\/la-mayoria-de-los-espanoles-respiran-aire-contaminado\/\"> [&#8230;]<\/a><\/p>\n","protected":false},"author":64,"featured_media":21104,"comment_status":"closed","ping_status":"closed","sticky":false,"template":"","format":"standard","meta":{"footnotes":""},"categories":[7],"tags":[],"class_list":["post-21103","post","type-post","status-publish","format-standard","has-post-thumbnail","hentry","category-ecologicas"],"_links":{"self":[{"href":"https:\/\/sertv.gob.pa\/crisolfm\/wp-json\/wp\/v2\/posts\/21103","targetHints":{"allow":["GET"]}}],"collection":[{"href":"https:\/\/sertv.gob.pa\/crisolfm\/wp-json\/wp\/v2\/posts"}],"about":[{"href":"https:\/\/sertv.gob.pa\/crisolfm\/wp-json\/wp\/v2\/types\/post"}],"author":[{"embeddable":true,"href":"https:\/\/sertv.gob.pa\/crisolfm\/wp-json\/wp\/v2\/users\/64"}],"replies":[{"embeddable":true,"href":"https:\/\/sertv.gob.pa\/crisolfm\/wp-json\/wp\/v2\/comments?post=21103"}],"version-history":[{"count":1,"href":"https:\/\/sertv.gob.pa\/crisolfm\/wp-json\/wp\/v2\/posts\/21103\/revisions"}],"predecessor-version":[{"id":21105,"href":"https:\/\/sertv.gob.pa\/crisolfm\/wp-json\/wp\/v2\/posts\/21103\/revisions\/21105"}],"wp:featuredmedia":[{"embeddable":true,"href":"https:\/\/sertv.gob.pa\/crisolfm\/wp-json\/wp\/v2\/media\/21104"}],"wp:attachment":[{"href":"https:\/\/sertv.gob.pa\/crisolfm\/wp-json\/wp\/v2\/media?parent=21103"}],"wp:term":[{"taxonomy":"category","embeddable":true,"href":"https:\/\/sertv.gob.pa\/crisolfm\/wp-json\/wp\/v2\/categories?post=21103"},{"taxonomy":"post_tag","embeddable":true,"href":"https:\/\/sertv.gob.pa\/crisolfm\/wp-json\/wp\/v2\/tags?post=21103"}],"curies":[{"name":"wp","href":"https:\/\/api.w.org\/{rel}","templated":true}]}}