{"id":21120,"date":"2019-06-27T13:39:20","date_gmt":"2019-06-27T13:39:20","guid":{"rendered":"https:\/\/sertv.gob.pa\/crisolfm\/?p=21120"},"modified":"2019-06-27T13:39:20","modified_gmt":"2019-06-27T13:39:20","slug":"el-infierno-se-acerca-asegura-meteorologa-ante-ola-de-calor-en-europa","status":"publish","type":"post","link":"https:\/\/sertv.gob.pa\/crisolfm\/el-infierno-se-acerca-asegura-meteorologa-ante-ola-de-calor-en-europa\/","title":{"rendered":"\u00abEl infierno se acerca\u00bb, asegura meteor\u00f3loga ante ola de calor en Europa"},"content":{"rendered":"<p><strong>El mercurio segu\u00eda subiendo esta semana en Europa, especialmente en el oeste del viejo continente, con temperaturas nunca antes registradas para un mes de junio que podr\u00edan intensificarse en los pr\u00f3ximos d\u00edas en varios pa\u00edses,<\/strong> informa la p\u00e1gina Infobae.<\/p>\n<p><strong>\u201cEn Francia, donde la ola de calor proveniente del desierto del Sahara se instal\u00f3 desde inicios de semana, las autoridades emitieron una alerta naranja en 65 departamentos del pa\u00eds y pidieron a los residentes tomar precauciones\u201d, <\/strong>asegura la publicaci\u00f3n. El pa\u00eds sigue traumatizado por la ola de calor de agosto de 2003, a la que se le atribuye la muerte de 15.000 personas, principalmente ancianos, m\u00e1s vulnerables al calor.<\/p>\n<p>\u00abTraje a los ni\u00f1os para que se refresquen un poco, en casa nos sentimos sofocados\u00bb, cuenta Cecilia Teran, una madre de dos peque\u00f1os de 7 y 2 a\u00f1os. El term\u00f3metro marcaba el martes por la tarde en la capital francesa 32 \u00b0C.&#8217; \u00a0\u201cSeg\u00fan el organismo nacional de previsi\u00f3n meteorol\u00f3gica,<strong> M\u00e9t\u00e9o France, esta racha de calor no tiene precedentes para un mes de junio, desde 1947, por su intensidad\u201d, afirma el portal que cita informaci\u00f3n publicada en cables internacionales.<\/strong><\/p>\n<p>&nbsp;<\/p>\n","protected":false},"excerpt":{"rendered":"<p>El mercurio segu\u00eda subiendo esta semana en Europa, especialmente en <a href=\"https:\/\/sertv.gob.pa\/crisolfm\/el-infierno-se-acerca-asegura-meteorologa-ante-ola-de-calor-en-europa\/\"> [&#8230;]<\/a><\/p>\n","protected":false},"author":64,"featured_media":21121,"comment_status":"closed","ping_status":"closed","sticky":false,"template":"","format":"standard","meta":{"footnotes":""},"categories":[7],"tags":[],"class_list":["post-21120","post","type-post","status-publish","format-standard","has-post-thumbnail","hentry","category-ecologicas"],"_links":{"self":[{"href":"https:\/\/sertv.gob.pa\/crisolfm\/wp-json\/wp\/v2\/posts\/21120","targetHints":{"allow":["GET"]}}],"collection":[{"href":"https:\/\/sertv.gob.pa\/crisolfm\/wp-json\/wp\/v2\/posts"}],"about":[{"href":"https:\/\/sertv.gob.pa\/crisolfm\/wp-json\/wp\/v2\/types\/post"}],"author":[{"embeddable":true,"href":"https:\/\/sertv.gob.pa\/crisolfm\/wp-json\/wp\/v2\/users\/64"}],"replies":[{"embeddable":true,"href":"https:\/\/sertv.gob.pa\/crisolfm\/wp-json\/wp\/v2\/comments?post=21120"}],"version-history":[{"count":1,"href":"https:\/\/sertv.gob.pa\/crisolfm\/wp-json\/wp\/v2\/posts\/21120\/revisions"}],"predecessor-version":[{"id":21122,"href":"https:\/\/sertv.gob.pa\/crisolfm\/wp-json\/wp\/v2\/posts\/21120\/revisions\/21122"}],"wp:featuredmedia":[{"embeddable":true,"href":"https:\/\/sertv.gob.pa\/crisolfm\/wp-json\/wp\/v2\/media\/21121"}],"wp:attachment":[{"href":"https:\/\/sertv.gob.pa\/crisolfm\/wp-json\/wp\/v2\/media?parent=21120"}],"wp:term":[{"taxonomy":"category","embeddable":true,"href":"https:\/\/sertv.gob.pa\/crisolfm\/wp-json\/wp\/v2\/categories?post=21120"},{"taxonomy":"post_tag","embeddable":true,"href":"https:\/\/sertv.gob.pa\/crisolfm\/wp-json\/wp\/v2\/tags?post=21120"}],"curies":[{"name":"wp","href":"https:\/\/api.w.org\/{rel}","templated":true}]}}