{"id":21123,"date":"2019-06-27T13:46:02","date_gmt":"2019-06-27T13:46:02","guid":{"rendered":"https:\/\/sertv.gob.pa\/crisolfm\/?p=21123"},"modified":"2019-06-27T13:46:02","modified_gmt":"2019-06-27T13:46:02","slug":"mac-panama-recibe-donacion-de-13-3-millones-para-nueva-sede-y-ampliar-su-coleccion","status":"publish","type":"post","link":"https:\/\/sertv.gob.pa\/crisolfm\/mac-panama-recibe-donacion-de-13-3-millones-para-nueva-sede-y-ampliar-su-coleccion\/","title":{"rendered":"MAC Panam\u00e1 recibe donaci\u00f3n de $13.3 millones para nueva sede y ampliar su colecci\u00f3n"},"content":{"rendered":"<p>Este 26 de junio el Museo de Arte Contempor\u00e1neo (MAC Panam\u00e1) anunci\u00f3 que recibi\u00f3 la donaci\u00f3n de $13.3 millones de\u00a0<strong>Graciela Quelquejeu de Chapman<\/strong>, directora honoraria y fundadora del museo, para poner en marcha proyectos como una nueva sede y la ampliaci\u00f3n de su colecci\u00f3n permanente.\u00a0Se trata de un aporte \u00absin precedentes\u00bb para el arte y la cultura en Panam\u00e1, destac\u00f3 Juan Melillo, presidente de la junta directiva del MAC\u00a0Panam\u00e1.<\/p>\n<p>Del total donado, $10 millones ser\u00e1n empleados como capital semilla para planificar el proyecto de la nueva estructura del museo en unos 3 a\u00f1os. A\u00fan no han definido el lugar, idealmente un punto estrat\u00e9gico y accesible para la mayor parte de la poblaci\u00f3n.<\/p>\n<p>Otros $3 millones son para asegurar la sostenibilidad de la instituci\u00f3n a largo plazo, y los $300 mil restantes se usar\u00e1n para adquirir nuevas piezas para la colecci\u00f3n permanente de casi 700 obras del MAC Panam\u00e1.<\/p>\n<p>&nbsp;<\/p>\n","protected":false},"excerpt":{"rendered":"<p>Este 26 de junio el Museo de Arte Contempor\u00e1neo (MAC <a href=\"https:\/\/sertv.gob.pa\/crisolfm\/mac-panama-recibe-donacion-de-13-3-millones-para-nueva-sede-y-ampliar-su-coleccion\/\"> [&#8230;]<\/a><\/p>\n","protected":false},"author":64,"featured_media":21124,"comment_status":"closed","ping_status":"closed","sticky":false,"template":"","format":"standard","meta":{"footnotes":""},"categories":[6],"tags":[],"class_list":["post-21123","post","type-post","status-publish","format-standard","has-post-thumbnail","hentry","category-culturales"],"_links":{"self":[{"href":"https:\/\/sertv.gob.pa\/crisolfm\/wp-json\/wp\/v2\/posts\/21123","targetHints":{"allow":["GET"]}}],"collection":[{"href":"https:\/\/sertv.gob.pa\/crisolfm\/wp-json\/wp\/v2\/posts"}],"about":[{"href":"https:\/\/sertv.gob.pa\/crisolfm\/wp-json\/wp\/v2\/types\/post"}],"author":[{"embeddable":true,"href":"https:\/\/sertv.gob.pa\/crisolfm\/wp-json\/wp\/v2\/users\/64"}],"replies":[{"embeddable":true,"href":"https:\/\/sertv.gob.pa\/crisolfm\/wp-json\/wp\/v2\/comments?post=21123"}],"version-history":[{"count":1,"href":"https:\/\/sertv.gob.pa\/crisolfm\/wp-json\/wp\/v2\/posts\/21123\/revisions"}],"predecessor-version":[{"id":21125,"href":"https:\/\/sertv.gob.pa\/crisolfm\/wp-json\/wp\/v2\/posts\/21123\/revisions\/21125"}],"wp:featuredmedia":[{"embeddable":true,"href":"https:\/\/sertv.gob.pa\/crisolfm\/wp-json\/wp\/v2\/media\/21124"}],"wp:attachment":[{"href":"https:\/\/sertv.gob.pa\/crisolfm\/wp-json\/wp\/v2\/media?parent=21123"}],"wp:term":[{"taxonomy":"category","embeddable":true,"href":"https:\/\/sertv.gob.pa\/crisolfm\/wp-json\/wp\/v2\/categories?post=21123"},{"taxonomy":"post_tag","embeddable":true,"href":"https:\/\/sertv.gob.pa\/crisolfm\/wp-json\/wp\/v2\/tags?post=21123"}],"curies":[{"name":"wp","href":"https:\/\/api.w.org\/{rel}","templated":true}]}}