{"id":21136,"date":"2019-06-27T14:04:17","date_gmt":"2019-06-27T14:04:17","guid":{"rendered":"https:\/\/sertv.gob.pa\/crisolfm\/?p=21136"},"modified":"2019-06-27T14:04:17","modified_gmt":"2019-06-27T14:04:17","slug":"invitan-a-charla-sobre-arqueologia-de-la-catedral-metropolitana","status":"publish","type":"post","link":"https:\/\/sertv.gob.pa\/crisolfm\/invitan-a-charla-sobre-arqueologia-de-la-catedral-metropolitana\/","title":{"rendered":"Invitan a charla sobre arqueolog\u00eda de la Catedral Metropolitana"},"content":{"rendered":"<p>El Instituto Smithsonian de Investigaciones Tropicales en Panam\u00e1 invita a la charla p\u00fablica \u2018De cementerios a osario: arqueolog\u00eda de la Catedral Metropolitana de Panam\u00e1&#8217;, dictado por Tom\u00e1s Mendiz\u00e1bal, arque\u00f3logo e investigador asociado al Instituto Smithsonian.<\/p>\n<p>El encuentro ser\u00e1 el pr\u00f3ximo 3 de julio de 2019, en el auditorio Earl S. Tupper, ubicado en Anc\u00f3n. Empezar\u00e1 a las 6:00 de la tarde. La entrada es abierta a todo p\u00fablico. Para mayor informaci\u00f3n, contactar al 212-8111.<\/p>\n","protected":false},"excerpt":{"rendered":"<p>El Instituto Smithsonian de Investigaciones Tropicales en Panam\u00e1 invita a <a href=\"https:\/\/sertv.gob.pa\/crisolfm\/invitan-a-charla-sobre-arqueologia-de-la-catedral-metropolitana\/\"> [&#8230;]<\/a><\/p>\n","protected":false},"author":64,"featured_media":21137,"comment_status":"closed","ping_status":"closed","sticky":false,"template":"","format":"standard","meta":{"footnotes":""},"categories":[6],"tags":[],"class_list":["post-21136","post","type-post","status-publish","format-standard","has-post-thumbnail","hentry","category-culturales"],"_links":{"self":[{"href":"https:\/\/sertv.gob.pa\/crisolfm\/wp-json\/wp\/v2\/posts\/21136","targetHints":{"allow":["GET"]}}],"collection":[{"href":"https:\/\/sertv.gob.pa\/crisolfm\/wp-json\/wp\/v2\/posts"}],"about":[{"href":"https:\/\/sertv.gob.pa\/crisolfm\/wp-json\/wp\/v2\/types\/post"}],"author":[{"embeddable":true,"href":"https:\/\/sertv.gob.pa\/crisolfm\/wp-json\/wp\/v2\/users\/64"}],"replies":[{"embeddable":true,"href":"https:\/\/sertv.gob.pa\/crisolfm\/wp-json\/wp\/v2\/comments?post=21136"}],"version-history":[{"count":1,"href":"https:\/\/sertv.gob.pa\/crisolfm\/wp-json\/wp\/v2\/posts\/21136\/revisions"}],"predecessor-version":[{"id":21138,"href":"https:\/\/sertv.gob.pa\/crisolfm\/wp-json\/wp\/v2\/posts\/21136\/revisions\/21138"}],"wp:featuredmedia":[{"embeddable":true,"href":"https:\/\/sertv.gob.pa\/crisolfm\/wp-json\/wp\/v2\/media\/21137"}],"wp:attachment":[{"href":"https:\/\/sertv.gob.pa\/crisolfm\/wp-json\/wp\/v2\/media?parent=21136"}],"wp:term":[{"taxonomy":"category","embeddable":true,"href":"https:\/\/sertv.gob.pa\/crisolfm\/wp-json\/wp\/v2\/categories?post=21136"},{"taxonomy":"post_tag","embeddable":true,"href":"https:\/\/sertv.gob.pa\/crisolfm\/wp-json\/wp\/v2\/tags?post=21136"}],"curies":[{"name":"wp","href":"https:\/\/api.w.org\/{rel}","templated":true}]}}