{"id":21139,"date":"2019-06-27T14:09:28","date_gmt":"2019-06-27T14:09:28","guid":{"rendered":"https:\/\/sertv.gob.pa\/crisolfm\/?p=21139"},"modified":"2019-06-27T14:09:28","modified_gmt":"2019-06-27T14:09:28","slug":"convocatoria-a-concurso-identidad-memoria-y-cultura","status":"publish","type":"post","link":"https:\/\/sertv.gob.pa\/crisolfm\/convocatoria-a-concurso-identidad-memoria-y-cultura\/","title":{"rendered":"Convocatoria a concurso \u201cIdentidad, memoria y cultura\u201d"},"content":{"rendered":"<p>Panam\u00e1 Instant\u00e1nea, organizaci\u00f3n dedicada a la educaci\u00f3n fotogr\u00e1fica, anuncia la convocatoria de su concurso \u2018Identidad, memoria y cultura&#8217;, un proyecto alusivo a la conmemoraci\u00f3n de los 500 a\u00f1os de fundaci\u00f3n de la ciudad de Panam\u00e1. Por este motivo, buscan recopilar las mejores im\u00e1genes que logren deleitar al espectador con su visi\u00f3n de la historia de nuestra ciudad.<\/p>\n<p>Las inscripciones estar\u00e1n abiertas hasta el 11 de agosto de 2019. Para mayor informaci\u00f3n, escribir a infopanama.instantanea@gmail.com.<\/p>\n<p><strong>\u00a0<\/strong><\/p>\n<p>&nbsp;<\/p>\n","protected":false},"excerpt":{"rendered":"<p>Panam\u00e1 Instant\u00e1nea, organizaci\u00f3n dedicada a la educaci\u00f3n fotogr\u00e1fica, anuncia la <a href=\"https:\/\/sertv.gob.pa\/crisolfm\/convocatoria-a-concurso-identidad-memoria-y-cultura\/\"> [&#8230;]<\/a><\/p>\n","protected":false},"author":64,"featured_media":21140,"comment_status":"closed","ping_status":"closed","sticky":false,"template":"","format":"standard","meta":{"footnotes":""},"categories":[6],"tags":[],"class_list":["post-21139","post","type-post","status-publish","format-standard","has-post-thumbnail","hentry","category-culturales"],"_links":{"self":[{"href":"https:\/\/sertv.gob.pa\/crisolfm\/wp-json\/wp\/v2\/posts\/21139","targetHints":{"allow":["GET"]}}],"collection":[{"href":"https:\/\/sertv.gob.pa\/crisolfm\/wp-json\/wp\/v2\/posts"}],"about":[{"href":"https:\/\/sertv.gob.pa\/crisolfm\/wp-json\/wp\/v2\/types\/post"}],"author":[{"embeddable":true,"href":"https:\/\/sertv.gob.pa\/crisolfm\/wp-json\/wp\/v2\/users\/64"}],"replies":[{"embeddable":true,"href":"https:\/\/sertv.gob.pa\/crisolfm\/wp-json\/wp\/v2\/comments?post=21139"}],"version-history":[{"count":1,"href":"https:\/\/sertv.gob.pa\/crisolfm\/wp-json\/wp\/v2\/posts\/21139\/revisions"}],"predecessor-version":[{"id":21141,"href":"https:\/\/sertv.gob.pa\/crisolfm\/wp-json\/wp\/v2\/posts\/21139\/revisions\/21141"}],"wp:featuredmedia":[{"embeddable":true,"href":"https:\/\/sertv.gob.pa\/crisolfm\/wp-json\/wp\/v2\/media\/21140"}],"wp:attachment":[{"href":"https:\/\/sertv.gob.pa\/crisolfm\/wp-json\/wp\/v2\/media?parent=21139"}],"wp:term":[{"taxonomy":"category","embeddable":true,"href":"https:\/\/sertv.gob.pa\/crisolfm\/wp-json\/wp\/v2\/categories?post=21139"},{"taxonomy":"post_tag","embeddable":true,"href":"https:\/\/sertv.gob.pa\/crisolfm\/wp-json\/wp\/v2\/tags?post=21139"}],"curies":[{"name":"wp","href":"https:\/\/api.w.org\/{rel}","templated":true}]}}