{"id":21144,"date":"2019-06-27T14:14:26","date_gmt":"2019-06-27T14:14:26","guid":{"rendered":"https:\/\/sertv.gob.pa\/crisolfm\/?p=21144"},"modified":"2019-06-27T14:14:26","modified_gmt":"2019-06-27T14:14:26","slug":"vargas-llosa-padura-belli-y-ramirez-estaran-en-feria-del-libro-de-lima","status":"publish","type":"post","link":"https:\/\/sertv.gob.pa\/crisolfm\/vargas-llosa-padura-belli-y-ramirez-estaran-en-feria-del-libro-de-lima\/","title":{"rendered":"Vargas Llosa, Padura, Belli y Ram\u00edrez estar\u00e1n en Feria del Libro de Lima"},"content":{"rendered":"<p>El premio Nobel peruano Mario Vargas Llosa ser\u00e1 el invitado de honor de la 24\u00aa Feria del Libro de Lima, a la que asistir\u00e1n tambi\u00e9n el cubano Leonardo Padura y los nicarag\u00fcenses Gioconda Belli y Sergio Ram\u00edrez, informaron el mi\u00e9rcoles los organizadores.<\/p>\n<p>\u00abEstamos muy contentos de hacerle un gran homenaje a nuestro escritor tan universal como es Mario Vargas Llosa\u00bb, quien participar\u00e1 durante tres d\u00edas en di\u00e1logos con otros autores, dijo el presidente de la C\u00e1mara del Libro, Jos\u00e9 Carlos Alvari\u00f1o.<\/p>\n<p>Adem\u00e1s, el escritor peruano de 83 a\u00f1os, quien reside en Espa\u00f1a y gan\u00f3 el Nobel de Literatura en 2010, leer\u00e1 su cuento &#8216;Fonchito y la luna&#8217; a ni\u00f1os durante la feria, del 19 de julio al 4 de agosto de 2019.<\/p>\n<p>AFP<\/p>\n","protected":false},"excerpt":{"rendered":"<p>El premio Nobel peruano Mario Vargas Llosa ser\u00e1 el invitado <a href=\"https:\/\/sertv.gob.pa\/crisolfm\/vargas-llosa-padura-belli-y-ramirez-estaran-en-feria-del-libro-de-lima\/\"> [&#8230;]<\/a><\/p>\n","protected":false},"author":64,"featured_media":21146,"comment_status":"closed","ping_status":"closed","sticky":false,"template":"","format":"standard","meta":{"footnotes":""},"categories":[6],"tags":[],"class_list":["post-21144","post","type-post","status-publish","format-standard","has-post-thumbnail","hentry","category-culturales"],"_links":{"self":[{"href":"https:\/\/sertv.gob.pa\/crisolfm\/wp-json\/wp\/v2\/posts\/21144","targetHints":{"allow":["GET"]}}],"collection":[{"href":"https:\/\/sertv.gob.pa\/crisolfm\/wp-json\/wp\/v2\/posts"}],"about":[{"href":"https:\/\/sertv.gob.pa\/crisolfm\/wp-json\/wp\/v2\/types\/post"}],"author":[{"embeddable":true,"href":"https:\/\/sertv.gob.pa\/crisolfm\/wp-json\/wp\/v2\/users\/64"}],"replies":[{"embeddable":true,"href":"https:\/\/sertv.gob.pa\/crisolfm\/wp-json\/wp\/v2\/comments?post=21144"}],"version-history":[{"count":1,"href":"https:\/\/sertv.gob.pa\/crisolfm\/wp-json\/wp\/v2\/posts\/21144\/revisions"}],"predecessor-version":[{"id":21147,"href":"https:\/\/sertv.gob.pa\/crisolfm\/wp-json\/wp\/v2\/posts\/21144\/revisions\/21147"}],"wp:featuredmedia":[{"embeddable":true,"href":"https:\/\/sertv.gob.pa\/crisolfm\/wp-json\/wp\/v2\/media\/21146"}],"wp:attachment":[{"href":"https:\/\/sertv.gob.pa\/crisolfm\/wp-json\/wp\/v2\/media?parent=21144"}],"wp:term":[{"taxonomy":"category","embeddable":true,"href":"https:\/\/sertv.gob.pa\/crisolfm\/wp-json\/wp\/v2\/categories?post=21144"},{"taxonomy":"post_tag","embeddable":true,"href":"https:\/\/sertv.gob.pa\/crisolfm\/wp-json\/wp\/v2\/tags?post=21144"}],"curies":[{"name":"wp","href":"https:\/\/api.w.org\/{rel}","templated":true}]}}