{"id":21169,"date":"2019-06-28T13:32:20","date_gmt":"2019-06-28T13:32:20","guid":{"rendered":"https:\/\/sertv.gob.pa\/crisolfm\/?p=21169"},"modified":"2019-06-28T13:32:20","modified_gmt":"2019-06-28T13:32:20","slug":"nacen-6-lobeznas-en-zoologico-del-norte-de-mexico","status":"publish","type":"post","link":"https:\/\/sertv.gob.pa\/crisolfm\/nacen-6-lobeznas-en-zoologico-del-norte-de-mexico\/","title":{"rendered":"Nacen 6 lobeznas en zool\u00f3gico del norte de M\u00e9xico"},"content":{"rendered":"<p>Una camada de seis lobeznas que nacieron en abril fue presentada en el Zool\u00f3gico Tamat\u00e1n del norte\u00f1o estado de Tamaulipas, alejando el peligro de extinci\u00f3n de esta especie.<\/p>\n<p>Garita, la madre, pari\u00f3 el 6 de abril en el mismo zool\u00f3gico donde ella naci\u00f3 hace cuatro a\u00f1os y est\u00e1 calificada como un ejemplar de alta calidad gen\u00e9tica, seg\u00fan la Comisi\u00f3n de Parques y Biodiversidad de Tamaulipas.<\/p>\n<p>El Lobo gris mexicano est\u00e1 en peligro de extinci\u00f3n desde 1976, seg\u00fan la Lista Roja de las Especies Amenazadas de la Uni\u00f3n Internacional para la Conservaci\u00f3n de la Naturaleza, y corre un especial riesgo de extinci\u00f3n.<\/p>\n<p>AFP<\/p>\n","protected":false},"excerpt":{"rendered":"<p>Una camada de seis lobeznas que nacieron en abril fue <a href=\"https:\/\/sertv.gob.pa\/crisolfm\/nacen-6-lobeznas-en-zoologico-del-norte-de-mexico\/\"> [&#8230;]<\/a><\/p>\n","protected":false},"author":64,"featured_media":21170,"comment_status":"closed","ping_status":"closed","sticky":false,"template":"","format":"standard","meta":{"footnotes":""},"categories":[7],"tags":[],"class_list":["post-21169","post","type-post","status-publish","format-standard","has-post-thumbnail","hentry","category-ecologicas"],"_links":{"self":[{"href":"https:\/\/sertv.gob.pa\/crisolfm\/wp-json\/wp\/v2\/posts\/21169","targetHints":{"allow":["GET"]}}],"collection":[{"href":"https:\/\/sertv.gob.pa\/crisolfm\/wp-json\/wp\/v2\/posts"}],"about":[{"href":"https:\/\/sertv.gob.pa\/crisolfm\/wp-json\/wp\/v2\/types\/post"}],"author":[{"embeddable":true,"href":"https:\/\/sertv.gob.pa\/crisolfm\/wp-json\/wp\/v2\/users\/64"}],"replies":[{"embeddable":true,"href":"https:\/\/sertv.gob.pa\/crisolfm\/wp-json\/wp\/v2\/comments?post=21169"}],"version-history":[{"count":1,"href":"https:\/\/sertv.gob.pa\/crisolfm\/wp-json\/wp\/v2\/posts\/21169\/revisions"}],"predecessor-version":[{"id":21171,"href":"https:\/\/sertv.gob.pa\/crisolfm\/wp-json\/wp\/v2\/posts\/21169\/revisions\/21171"}],"wp:featuredmedia":[{"embeddable":true,"href":"https:\/\/sertv.gob.pa\/crisolfm\/wp-json\/wp\/v2\/media\/21170"}],"wp:attachment":[{"href":"https:\/\/sertv.gob.pa\/crisolfm\/wp-json\/wp\/v2\/media?parent=21169"}],"wp:term":[{"taxonomy":"category","embeddable":true,"href":"https:\/\/sertv.gob.pa\/crisolfm\/wp-json\/wp\/v2\/categories?post=21169"},{"taxonomy":"post_tag","embeddable":true,"href":"https:\/\/sertv.gob.pa\/crisolfm\/wp-json\/wp\/v2\/tags?post=21169"}],"curies":[{"name":"wp","href":"https:\/\/api.w.org\/{rel}","templated":true}]}}