{"id":21172,"date":"2019-06-28T13:44:49","date_gmt":"2019-06-28T13:44:49","guid":{"rendered":"https:\/\/sertv.gob.pa\/crisolfm\/?p=21172"},"modified":"2019-06-28T13:44:49","modified_gmt":"2019-06-28T13:44:49","slug":"temperaturas-records-en-francia-y-2-muertos-en-espana","status":"publish","type":"post","link":"https:\/\/sertv.gob.pa\/crisolfm\/temperaturas-records-en-francia-y-2-muertos-en-espana\/","title":{"rendered":"Temperaturas r\u00e9cords en Francia y 2 muertos en Espa\u00f1a"},"content":{"rendered":"<p>Dos muertos y un incendio fuera de control en Espa\u00f1a y temperaturas r\u00e9cords en Francia.\u00a0 Gran parte de Europa padec\u00eda este viernes, por quinto d\u00eda consecutivo, los estragos de una ola de calor excepcional. Espa\u00f1a vive una ola de calor con temperaturas superiores a los 40 grados, que continuar\u00e1 en la mayor parte del pa\u00eds hasta el s\u00e1bado, incluyendo zonas del norte \u2212por lo general m\u00e1s frescas\u2212 como Navarra, La Rioja, Pa\u00eds Vasco y Arag\u00f3n. Solo el noroeste (Galicia y Asturias) se manten\u00eda a salvo.<\/p>\n<p>En Espa\u00f1a, en donde las temperaturas superan los 40 \u00b0C, un joven de 17 a\u00f1os que se encontraba trabajando en el campo muri\u00f3 la madrugada del viernes tras sufrir un \u00abgolpe de calor\u00bb.<\/p>\n<p>Asimismo, la tarde del jueves, un anciano de 93 a\u00f1os se desplom\u00f3 cuando caminaba por el centro de Valladolid (noroeste).\u00a0 Seg\u00fan indic\u00f3 a AFP la polic\u00eda local, falleci\u00f3 de \u00abmuerte natural por golpe de calor\u00bb.<\/p>\n<p>AFP<\/p>\n","protected":false},"excerpt":{"rendered":"<p>Dos muertos y un incendio fuera de control en Espa\u00f1a <a href=\"https:\/\/sertv.gob.pa\/crisolfm\/temperaturas-records-en-francia-y-2-muertos-en-espana\/\"> [&#8230;]<\/a><\/p>\n","protected":false},"author":64,"featured_media":21173,"comment_status":"closed","ping_status":"closed","sticky":false,"template":"","format":"standard","meta":{"footnotes":""},"categories":[7],"tags":[],"class_list":["post-21172","post","type-post","status-publish","format-standard","has-post-thumbnail","hentry","category-ecologicas"],"_links":{"self":[{"href":"https:\/\/sertv.gob.pa\/crisolfm\/wp-json\/wp\/v2\/posts\/21172","targetHints":{"allow":["GET"]}}],"collection":[{"href":"https:\/\/sertv.gob.pa\/crisolfm\/wp-json\/wp\/v2\/posts"}],"about":[{"href":"https:\/\/sertv.gob.pa\/crisolfm\/wp-json\/wp\/v2\/types\/post"}],"author":[{"embeddable":true,"href":"https:\/\/sertv.gob.pa\/crisolfm\/wp-json\/wp\/v2\/users\/64"}],"replies":[{"embeddable":true,"href":"https:\/\/sertv.gob.pa\/crisolfm\/wp-json\/wp\/v2\/comments?post=21172"}],"version-history":[{"count":1,"href":"https:\/\/sertv.gob.pa\/crisolfm\/wp-json\/wp\/v2\/posts\/21172\/revisions"}],"predecessor-version":[{"id":21174,"href":"https:\/\/sertv.gob.pa\/crisolfm\/wp-json\/wp\/v2\/posts\/21172\/revisions\/21174"}],"wp:featuredmedia":[{"embeddable":true,"href":"https:\/\/sertv.gob.pa\/crisolfm\/wp-json\/wp\/v2\/media\/21173"}],"wp:attachment":[{"href":"https:\/\/sertv.gob.pa\/crisolfm\/wp-json\/wp\/v2\/media?parent=21172"}],"wp:term":[{"taxonomy":"category","embeddable":true,"href":"https:\/\/sertv.gob.pa\/crisolfm\/wp-json\/wp\/v2\/categories?post=21172"},{"taxonomy":"post_tag","embeddable":true,"href":"https:\/\/sertv.gob.pa\/crisolfm\/wp-json\/wp\/v2\/tags?post=21172"}],"curies":[{"name":"wp","href":"https:\/\/api.w.org\/{rel}","templated":true}]}}