{"id":21175,"date":"2019-06-28T13:55:13","date_gmt":"2019-06-28T13:55:13","guid":{"rendered":"https:\/\/sertv.gob.pa\/crisolfm\/?p=21175"},"modified":"2019-06-28T13:55:13","modified_gmt":"2019-06-28T13:55:13","slug":"con-23-nuevas-hectareas-de-zona-protegida-ya-cuenta-el-cerro-ancon","status":"publish","type":"post","link":"https:\/\/sertv.gob.pa\/crisolfm\/con-23-nuevas-hectareas-de-zona-protegida-ya-cuenta-el-cerro-ancon\/","title":{"rendered":"Con 23 nuevas hect\u00e1reas de zona protegida ya cuenta el Cerro Anc\u00f3n"},"content":{"rendered":"<p>28 nuevos pol\u00edgonos verdes no desarrollables, que corresponden a 23 hect\u00e1reas, han sido anexados a la Reserva Natural del Cerro Anc\u00f3n, inform\u00f3 el Ministerio de Ambiente. Esta ampliaci\u00f3n de 40.4 a 63.4 hect\u00e1reas en la zona protegida del Cerro Anc\u00f3n se logr\u00f3 con el apoyo del Ministerio de Econom\u00eda y Finanzas, el Fondo para el Medio Ambiente Mundial y el Banco Mundial.<\/p>\n<p>Emilio Sempris, ministro de Ambiente, se\u00f1al\u00f3 que esta ampliaci\u00f3n \u00abconsolida el \u00e1rea metropolitana de nuestro pa\u00eds como una de las m\u00e1s verdes del mundo, con un poco m\u00e1s de ocho de hect\u00e1reas de bosque por cada hect\u00e1rea urbanizada\u00bb. Sempris agreg\u00f3 que esperan que para el pr\u00f3ximo semestre aumenten las visitas al Cerro Anc\u00f3n debido al comienzo de operaciones de la nueva terminal de cruceros de Amador.<\/p>\n<p>&nbsp;<\/p>\n<p>&nbsp;<\/p>\n<p>&nbsp;<\/p>\n","protected":false},"excerpt":{"rendered":"<p>28 nuevos pol\u00edgonos verdes no desarrollables, que corresponden a 23 <a href=\"https:\/\/sertv.gob.pa\/crisolfm\/con-23-nuevas-hectareas-de-zona-protegida-ya-cuenta-el-cerro-ancon\/\"> [&#8230;]<\/a><\/p>\n","protected":false},"author":64,"featured_media":21176,"comment_status":"closed","ping_status":"closed","sticky":false,"template":"","format":"standard","meta":{"footnotes":""},"categories":[7],"tags":[],"class_list":["post-21175","post","type-post","status-publish","format-standard","has-post-thumbnail","hentry","category-ecologicas"],"_links":{"self":[{"href":"https:\/\/sertv.gob.pa\/crisolfm\/wp-json\/wp\/v2\/posts\/21175","targetHints":{"allow":["GET"]}}],"collection":[{"href":"https:\/\/sertv.gob.pa\/crisolfm\/wp-json\/wp\/v2\/posts"}],"about":[{"href":"https:\/\/sertv.gob.pa\/crisolfm\/wp-json\/wp\/v2\/types\/post"}],"author":[{"embeddable":true,"href":"https:\/\/sertv.gob.pa\/crisolfm\/wp-json\/wp\/v2\/users\/64"}],"replies":[{"embeddable":true,"href":"https:\/\/sertv.gob.pa\/crisolfm\/wp-json\/wp\/v2\/comments?post=21175"}],"version-history":[{"count":1,"href":"https:\/\/sertv.gob.pa\/crisolfm\/wp-json\/wp\/v2\/posts\/21175\/revisions"}],"predecessor-version":[{"id":21177,"href":"https:\/\/sertv.gob.pa\/crisolfm\/wp-json\/wp\/v2\/posts\/21175\/revisions\/21177"}],"wp:featuredmedia":[{"embeddable":true,"href":"https:\/\/sertv.gob.pa\/crisolfm\/wp-json\/wp\/v2\/media\/21176"}],"wp:attachment":[{"href":"https:\/\/sertv.gob.pa\/crisolfm\/wp-json\/wp\/v2\/media?parent=21175"}],"wp:term":[{"taxonomy":"category","embeddable":true,"href":"https:\/\/sertv.gob.pa\/crisolfm\/wp-json\/wp\/v2\/categories?post=21175"},{"taxonomy":"post_tag","embeddable":true,"href":"https:\/\/sertv.gob.pa\/crisolfm\/wp-json\/wp\/v2\/tags?post=21175"}],"curies":[{"name":"wp","href":"https:\/\/api.w.org\/{rel}","templated":true}]}}