{"id":21178,"date":"2019-06-28T14:01:16","date_gmt":"2019-06-28T14:01:16","guid":{"rendered":"https:\/\/sertv.gob.pa\/crisolfm\/?p=21178"},"modified":"2019-06-28T14:01:16","modified_gmt":"2019-06-28T14:01:16","slug":"lanzan-guia-para-desarrollo-del-sector-cultural-en-colon","status":"publish","type":"post","link":"https:\/\/sertv.gob.pa\/crisolfm\/lanzan-guia-para-desarrollo-del-sector-cultural-en-colon\/","title":{"rendered":"Lanzan gu\u00eda para desarrollo del sector cultural en Col\u00f3n"},"content":{"rendered":"<p>La Direcci\u00f3n de Cultura de la Alcald\u00eda de Col\u00f3n y la Organizaci\u00f3n de Naciones Unidas para la Educaci\u00f3n, Ciencia y Cultura (Unesco) unieron fuerzas para impulsar las artes y la cultura con el lanzamiento esta semana, de la Gu\u00eda Local de Cultura para el Desarrollo Sostenible del Distrito de Col\u00f3n.<\/p>\n<p>\u201cEsta gu\u00eda es un documento informativo y orientativo que busca ense\u00f1ar la importancia de la cultura como un eje transversal y vital en el desarrollo local a partir del car\u00e1cter identitario de las comunidades\u201d, explica Abel Aron\u00e1tegui, actual director de la Alcald\u00eda de Col\u00f3n.<\/p>\n<p>\u201cEl contenido de la herramienta se elabor\u00f3 a trav\u00e9s de un proceso participativo y consultivo con diversos sectores colonenses como el sector privado, artistas, agentes culturales, organizaciones de la sociedad civil, ni\u00f1os, adolescentes y j\u00f3venes. La metodolog\u00eda permiti\u00f3 escuchar las voces de las comunidades, dando paso a un proceso de construcci\u00f3n colectiva de un documento de alto nivel que fortalecer\u00e1 el trabajo del gobierno local y quienes abordan la cultura desde cualquier \u00e1mbito ya sea econ\u00f3mico, pol\u00edtico, ambiental y otros\u201d, agrega.<\/p>\n<p>&nbsp;<\/p>\n<p>&nbsp;<\/p>\n<p>&nbsp;<\/p>\n","protected":false},"excerpt":{"rendered":"<p>La Direcci\u00f3n de Cultura de la Alcald\u00eda de Col\u00f3n y <a href=\"https:\/\/sertv.gob.pa\/crisolfm\/lanzan-guia-para-desarrollo-del-sector-cultural-en-colon\/\"> [&#8230;]<\/a><\/p>\n","protected":false},"author":64,"featured_media":21179,"comment_status":"closed","ping_status":"closed","sticky":false,"template":"","format":"standard","meta":{"footnotes":""},"categories":[6],"tags":[],"class_list":["post-21178","post","type-post","status-publish","format-standard","has-post-thumbnail","hentry","category-culturales"],"_links":{"self":[{"href":"https:\/\/sertv.gob.pa\/crisolfm\/wp-json\/wp\/v2\/posts\/21178","targetHints":{"allow":["GET"]}}],"collection":[{"href":"https:\/\/sertv.gob.pa\/crisolfm\/wp-json\/wp\/v2\/posts"}],"about":[{"href":"https:\/\/sertv.gob.pa\/crisolfm\/wp-json\/wp\/v2\/types\/post"}],"author":[{"embeddable":true,"href":"https:\/\/sertv.gob.pa\/crisolfm\/wp-json\/wp\/v2\/users\/64"}],"replies":[{"embeddable":true,"href":"https:\/\/sertv.gob.pa\/crisolfm\/wp-json\/wp\/v2\/comments?post=21178"}],"version-history":[{"count":1,"href":"https:\/\/sertv.gob.pa\/crisolfm\/wp-json\/wp\/v2\/posts\/21178\/revisions"}],"predecessor-version":[{"id":21180,"href":"https:\/\/sertv.gob.pa\/crisolfm\/wp-json\/wp\/v2\/posts\/21178\/revisions\/21180"}],"wp:featuredmedia":[{"embeddable":true,"href":"https:\/\/sertv.gob.pa\/crisolfm\/wp-json\/wp\/v2\/media\/21179"}],"wp:attachment":[{"href":"https:\/\/sertv.gob.pa\/crisolfm\/wp-json\/wp\/v2\/media?parent=21178"}],"wp:term":[{"taxonomy":"category","embeddable":true,"href":"https:\/\/sertv.gob.pa\/crisolfm\/wp-json\/wp\/v2\/categories?post=21178"},{"taxonomy":"post_tag","embeddable":true,"href":"https:\/\/sertv.gob.pa\/crisolfm\/wp-json\/wp\/v2\/tags?post=21178"}],"curies":[{"name":"wp","href":"https:\/\/api.w.org\/{rel}","templated":true}]}}