{"id":21221,"date":"2019-08-08T14:09:35","date_gmt":"2019-08-08T14:09:35","guid":{"rendered":"https:\/\/sertv.gob.pa\/crisolfm\/?p=21221"},"modified":"2019-08-08T14:09:35","modified_gmt":"2019-08-08T14:09:35","slug":"desfile-de-banda-de-musica-en-honor-a-la-ciudad","status":"publish","type":"post","link":"https:\/\/sertv.gob.pa\/crisolfm\/desfile-de-banda-de-musica-en-honor-a-la-ciudad\/","title":{"rendered":"Desfile de banda de m\u00fasica en honor a la ciudad"},"content":{"rendered":"<p>Participe con su familia de este singular homenaje a la ciudad de Panam\u00e1 por sus 500 a\u00f1os. En el desfile de bandas de m\u00fasica en honor a la ciudad participar\u00e1n el Benem\u00e9rito Cuerpo de Bomberos, Polic\u00eda Nacional, Sistema Nacional de Protecci\u00f3n Civil (Sinaproc), Cruz Roja, Servicio Nacional Aeronaval (Senan), Servicio Nacional de Fronteras (Senafront) y el Servicio de Protecci\u00f3n Institucional (SPI).<\/p>\n<p>El desfile iniciar\u00e1 a las 6:00 p.m. del 14 de agosto de 2019. Partir\u00e1 de Multicentro y termina en el Parque Catedral, en Casco Viejo, donde se llevar\u00e1n a cabo presentaciones de las bandas de m\u00fasica.<\/p>\n<p>&nbsp;<\/p>\n","protected":false},"excerpt":{"rendered":"<p>Participe con su familia de este singular homenaje a la <a href=\"https:\/\/sertv.gob.pa\/crisolfm\/desfile-de-banda-de-musica-en-honor-a-la-ciudad\/\"> [&#8230;]<\/a><\/p>\n","protected":false},"author":64,"featured_media":21223,"comment_status":"closed","ping_status":"closed","sticky":false,"template":"","format":"standard","meta":{"footnotes":""},"categories":[6],"tags":[],"class_list":["post-21221","post","type-post","status-publish","format-standard","has-post-thumbnail","hentry","category-culturales"],"_links":{"self":[{"href":"https:\/\/sertv.gob.pa\/crisolfm\/wp-json\/wp\/v2\/posts\/21221","targetHints":{"allow":["GET"]}}],"collection":[{"href":"https:\/\/sertv.gob.pa\/crisolfm\/wp-json\/wp\/v2\/posts"}],"about":[{"href":"https:\/\/sertv.gob.pa\/crisolfm\/wp-json\/wp\/v2\/types\/post"}],"author":[{"embeddable":true,"href":"https:\/\/sertv.gob.pa\/crisolfm\/wp-json\/wp\/v2\/users\/64"}],"replies":[{"embeddable":true,"href":"https:\/\/sertv.gob.pa\/crisolfm\/wp-json\/wp\/v2\/comments?post=21221"}],"version-history":[{"count":1,"href":"https:\/\/sertv.gob.pa\/crisolfm\/wp-json\/wp\/v2\/posts\/21221\/revisions"}],"predecessor-version":[{"id":21224,"href":"https:\/\/sertv.gob.pa\/crisolfm\/wp-json\/wp\/v2\/posts\/21221\/revisions\/21224"}],"wp:featuredmedia":[{"embeddable":true,"href":"https:\/\/sertv.gob.pa\/crisolfm\/wp-json\/wp\/v2\/media\/21223"}],"wp:attachment":[{"href":"https:\/\/sertv.gob.pa\/crisolfm\/wp-json\/wp\/v2\/media?parent=21221"}],"wp:term":[{"taxonomy":"category","embeddable":true,"href":"https:\/\/sertv.gob.pa\/crisolfm\/wp-json\/wp\/v2\/categories?post=21221"},{"taxonomy":"post_tag","embeddable":true,"href":"https:\/\/sertv.gob.pa\/crisolfm\/wp-json\/wp\/v2\/tags?post=21221"}],"curies":[{"name":"wp","href":"https:\/\/api.w.org\/{rel}","templated":true}]}}