{"id":21225,"date":"2019-08-08T14:15:25","date_gmt":"2019-08-08T14:15:25","guid":{"rendered":"https:\/\/sertv.gob.pa\/crisolfm\/?p=21225"},"modified":"2019-08-08T14:15:25","modified_gmt":"2019-08-08T14:15:25","slug":"escritor-rafael-pena-a-presentara-el-hueco-del-comejen-iii","status":"publish","type":"post","link":"https:\/\/sertv.gob.pa\/crisolfm\/escritor-rafael-pena-a-presentara-el-hueco-del-comejen-iii\/","title":{"rendered":"Escritor Rafael Pe\u00f1a A. presentar\u00e1 El Hueco del Comej\u00e9n III"},"content":{"rendered":"<p>El escritor paname\u00f1o, Rafael Pe\u00f1a Arosemena presentar\u00e1 su nueva obra\u00a0<strong>El Hueco del Comej\u00e9n III, ojos de la oscuridad<\/strong> en la Feria Internacional del Libro (FIL) 2019 que se efectuar\u00e1 entre el 13 al 18 de agosto en el Centro de Convenciones Atlapa.<\/p>\n<p>El autor coclesano detall\u00f3 que la historia de la obra se remonta a las \u201caventuras de Pacho Roca, quien en esta tercera edici\u00f3n contin\u00faa con astucia su lucha contra el bien y el mal\u2026 la amistad, y por supuesto, el amor contin\u00faa siendo parte de esta trama criolla\u201d.<\/p>\n<p>Arosemena, por su parte, resalt\u00f3 que\u00a0<strong>El Hueco del Comej\u00e9n III <\/strong>es una novela que integra los siete tomos de la novela <strong>El Hueco del Comej\u00e9n<\/strong>, las cuales rescatan el g\u00e9nero costumbrista, \u201cteniendo el escenario el interior\u201d de Panam\u00e1, entre \u201ctradiciones y creencias de los hombres de all\u00e1 donde uno\u201d, puntualiz\u00f3.<\/p>\n<p><strong>\u00a0<\/strong><\/p>\n<p><strong>\u00a0<\/strong><\/p>\n","protected":false},"excerpt":{"rendered":"<p>El escritor paname\u00f1o, Rafael Pe\u00f1a Arosemena presentar\u00e1 su nueva obra\u00a0El <a href=\"https:\/\/sertv.gob.pa\/crisolfm\/escritor-rafael-pena-a-presentara-el-hueco-del-comejen-iii\/\"> [&#8230;]<\/a><\/p>\n","protected":false},"author":64,"featured_media":21226,"comment_status":"closed","ping_status":"closed","sticky":false,"template":"","format":"standard","meta":{"footnotes":""},"categories":[6],"tags":[],"class_list":["post-21225","post","type-post","status-publish","format-standard","has-post-thumbnail","hentry","category-culturales"],"_links":{"self":[{"href":"https:\/\/sertv.gob.pa\/crisolfm\/wp-json\/wp\/v2\/posts\/21225","targetHints":{"allow":["GET"]}}],"collection":[{"href":"https:\/\/sertv.gob.pa\/crisolfm\/wp-json\/wp\/v2\/posts"}],"about":[{"href":"https:\/\/sertv.gob.pa\/crisolfm\/wp-json\/wp\/v2\/types\/post"}],"author":[{"embeddable":true,"href":"https:\/\/sertv.gob.pa\/crisolfm\/wp-json\/wp\/v2\/users\/64"}],"replies":[{"embeddable":true,"href":"https:\/\/sertv.gob.pa\/crisolfm\/wp-json\/wp\/v2\/comments?post=21225"}],"version-history":[{"count":1,"href":"https:\/\/sertv.gob.pa\/crisolfm\/wp-json\/wp\/v2\/posts\/21225\/revisions"}],"predecessor-version":[{"id":21227,"href":"https:\/\/sertv.gob.pa\/crisolfm\/wp-json\/wp\/v2\/posts\/21225\/revisions\/21227"}],"wp:featuredmedia":[{"embeddable":true,"href":"https:\/\/sertv.gob.pa\/crisolfm\/wp-json\/wp\/v2\/media\/21226"}],"wp:attachment":[{"href":"https:\/\/sertv.gob.pa\/crisolfm\/wp-json\/wp\/v2\/media?parent=21225"}],"wp:term":[{"taxonomy":"category","embeddable":true,"href":"https:\/\/sertv.gob.pa\/crisolfm\/wp-json\/wp\/v2\/categories?post=21225"},{"taxonomy":"post_tag","embeddable":true,"href":"https:\/\/sertv.gob.pa\/crisolfm\/wp-json\/wp\/v2\/tags?post=21225"}],"curies":[{"name":"wp","href":"https:\/\/api.w.org\/{rel}","templated":true}]}}