{"id":21228,"date":"2019-08-08T14:19:50","date_gmt":"2019-08-08T14:19:50","guid":{"rendered":"https:\/\/sertv.gob.pa\/crisolfm\/?p=21228"},"modified":"2019-08-08T14:19:50","modified_gmt":"2019-08-08T14:19:50","slug":"500-anos-de-ciudad-sensorial-primer-congreso-internacional-de-patrimonio","status":"publish","type":"post","link":"https:\/\/sertv.gob.pa\/crisolfm\/500-anos-de-ciudad-sensorial-primer-congreso-internacional-de-patrimonio\/","title":{"rendered":"\u201c500 A\u00f1os de Ciudad Sensorial\u201d, primer Congreso Internacional de Patrimonio"},"content":{"rendered":"<p>El Colegio de Arquitectos de Panam\u00e1 invita a participar en el primer Congreso Internacional de Patrimonio \u2018500 A\u00f1os de Ciudad Sensorial&#8217;, que se efectuar\u00e1 el 9 y 10 de agosto en el Centro de Convenciones de la Ciudad del Saber.<\/p>\n<p>Este congreso ocurre en un momento hist\u00f3rico, donde coinciden dos fechas de gran importancia: el aniversario de los 500 a\u00f1os de Fundaci\u00f3n de la Ciudad de Panam\u00e1, la m\u00e1s antigua ciudad en el litoral Pac\u00edfico americano, y los 100 a\u00f1os de la Sociedad Paname\u00f1a de Ingenieros y Arquitectos, el primer gremio de profesionales de su tipo en Panam\u00e1.<\/p>\n<p>Para m\u00e1s informaci\u00f3n sobre el evento, ingresar a https:\/\/www.coarqpanama.org\/. Para confirmar asistencia: congresopatrimonio2019@gmail.com o 213-1909 \/ 6492-1153.<\/p>\n<p>&nbsp;<\/p>\n<p>&nbsp;<\/p>\n","protected":false},"excerpt":{"rendered":"<p>El Colegio de Arquitectos de Panam\u00e1 invita a participar en <a href=\"https:\/\/sertv.gob.pa\/crisolfm\/500-anos-de-ciudad-sensorial-primer-congreso-internacional-de-patrimonio\/\"> [&#8230;]<\/a><\/p>\n","protected":false},"author":64,"featured_media":21229,"comment_status":"closed","ping_status":"closed","sticky":false,"template":"","format":"standard","meta":{"footnotes":""},"categories":[6],"tags":[],"class_list":["post-21228","post","type-post","status-publish","format-standard","has-post-thumbnail","hentry","category-culturales"],"_links":{"self":[{"href":"https:\/\/sertv.gob.pa\/crisolfm\/wp-json\/wp\/v2\/posts\/21228","targetHints":{"allow":["GET"]}}],"collection":[{"href":"https:\/\/sertv.gob.pa\/crisolfm\/wp-json\/wp\/v2\/posts"}],"about":[{"href":"https:\/\/sertv.gob.pa\/crisolfm\/wp-json\/wp\/v2\/types\/post"}],"author":[{"embeddable":true,"href":"https:\/\/sertv.gob.pa\/crisolfm\/wp-json\/wp\/v2\/users\/64"}],"replies":[{"embeddable":true,"href":"https:\/\/sertv.gob.pa\/crisolfm\/wp-json\/wp\/v2\/comments?post=21228"}],"version-history":[{"count":1,"href":"https:\/\/sertv.gob.pa\/crisolfm\/wp-json\/wp\/v2\/posts\/21228\/revisions"}],"predecessor-version":[{"id":21230,"href":"https:\/\/sertv.gob.pa\/crisolfm\/wp-json\/wp\/v2\/posts\/21228\/revisions\/21230"}],"wp:featuredmedia":[{"embeddable":true,"href":"https:\/\/sertv.gob.pa\/crisolfm\/wp-json\/wp\/v2\/media\/21229"}],"wp:attachment":[{"href":"https:\/\/sertv.gob.pa\/crisolfm\/wp-json\/wp\/v2\/media?parent=21228"}],"wp:term":[{"taxonomy":"category","embeddable":true,"href":"https:\/\/sertv.gob.pa\/crisolfm\/wp-json\/wp\/v2\/categories?post=21228"},{"taxonomy":"post_tag","embeddable":true,"href":"https:\/\/sertv.gob.pa\/crisolfm\/wp-json\/wp\/v2\/tags?post=21228"}],"curies":[{"name":"wp","href":"https:\/\/api.w.org\/{rel}","templated":true}]}}