{"id":21261,"date":"2019-08-09T13:39:26","date_gmt":"2019-08-09T13:39:26","guid":{"rendered":"https:\/\/sertv.gob.pa\/crisolfm\/?p=21261"},"modified":"2019-08-09T13:39:26","modified_gmt":"2019-08-09T13:39:26","slug":"feria-internacional-del-libro-2019","status":"publish","type":"post","link":"https:\/\/sertv.gob.pa\/crisolfm\/feria-internacional-del-libro-2019\/","title":{"rendered":"Feria Internacional del Libro 2019"},"content":{"rendered":"<p>Escritores extranjeros invitados protagonizar\u00e1n una agitada agenda de actividades del 13 al 18 de agosto de 2019 durante la Feria Internacional del Libro 2019 y que tendr\u00e1 lugar en el Centro de Convenciones Atlapa. \u00a0Asistir\u00e1n escritores como Cristina L\u00f3pez Barrios, de Espa\u00f1a; Pascal Brioist, de Francia; o Alberto Vergara Paniagua, de Per\u00fa, quienes platicar\u00e1n con el p\u00fablico sobre sus obras.<\/p>\n<p>Presentaciones de libros, talleres y conversatorios igualmente aparecen en la agenda de la feria, que este a\u00f1o est\u00e1 dedicada a los 500 a\u00f1os de la fundaci\u00f3n de la ciudad de Panam\u00e1. Los conversatorios \u2018\u00bfC\u00f3mo est\u00e1 el panorama en nuestra Am\u00e9rica?\u2019, con Mario Jusrich y Alberto Vergara Paniagua como panelistas y la conferencia magistral \u2018Acercamiento al Sacro thriller: entre el suspenso y la ficci\u00f3n\u2019, son algunas de las actividades que brindar\u00e1 la feria.<\/p>\n<p>&nbsp;<\/p>\n<p>&nbsp;<\/p>\n<p>&nbsp;<\/p>\n","protected":false},"excerpt":{"rendered":"<p>Escritores extranjeros invitados protagonizar\u00e1n una agitada agenda de actividades del <a href=\"https:\/\/sertv.gob.pa\/crisolfm\/feria-internacional-del-libro-2019\/\"> [&#8230;]<\/a><\/p>\n","protected":false},"author":64,"featured_media":21262,"comment_status":"closed","ping_status":"closed","sticky":false,"template":"","format":"standard","meta":{"footnotes":""},"categories":[6],"tags":[],"class_list":["post-21261","post","type-post","status-publish","format-standard","has-post-thumbnail","hentry","category-culturales"],"_links":{"self":[{"href":"https:\/\/sertv.gob.pa\/crisolfm\/wp-json\/wp\/v2\/posts\/21261","targetHints":{"allow":["GET"]}}],"collection":[{"href":"https:\/\/sertv.gob.pa\/crisolfm\/wp-json\/wp\/v2\/posts"}],"about":[{"href":"https:\/\/sertv.gob.pa\/crisolfm\/wp-json\/wp\/v2\/types\/post"}],"author":[{"embeddable":true,"href":"https:\/\/sertv.gob.pa\/crisolfm\/wp-json\/wp\/v2\/users\/64"}],"replies":[{"embeddable":true,"href":"https:\/\/sertv.gob.pa\/crisolfm\/wp-json\/wp\/v2\/comments?post=21261"}],"version-history":[{"count":1,"href":"https:\/\/sertv.gob.pa\/crisolfm\/wp-json\/wp\/v2\/posts\/21261\/revisions"}],"predecessor-version":[{"id":21263,"href":"https:\/\/sertv.gob.pa\/crisolfm\/wp-json\/wp\/v2\/posts\/21261\/revisions\/21263"}],"wp:featuredmedia":[{"embeddable":true,"href":"https:\/\/sertv.gob.pa\/crisolfm\/wp-json\/wp\/v2\/media\/21262"}],"wp:attachment":[{"href":"https:\/\/sertv.gob.pa\/crisolfm\/wp-json\/wp\/v2\/media?parent=21261"}],"wp:term":[{"taxonomy":"category","embeddable":true,"href":"https:\/\/sertv.gob.pa\/crisolfm\/wp-json\/wp\/v2\/categories?post=21261"},{"taxonomy":"post_tag","embeddable":true,"href":"https:\/\/sertv.gob.pa\/crisolfm\/wp-json\/wp\/v2\/tags?post=21261"}],"curies":[{"name":"wp","href":"https:\/\/api.w.org\/{rel}","templated":true}]}}