{"id":21265,"date":"2019-08-09T13:51:14","date_gmt":"2019-08-09T13:51:14","guid":{"rendered":"https:\/\/sertv.gob.pa\/crisolfm\/?p=21265"},"modified":"2019-08-09T13:51:14","modified_gmt":"2019-08-09T13:51:14","slug":"el-teatro-nacional-abre-sus-puertas","status":"publish","type":"post","link":"https:\/\/sertv.gob.pa\/crisolfm\/el-teatro-nacional-abre-sus-puertas\/","title":{"rendered":"El Teatro Nacional abre sus puertas"},"content":{"rendered":"<p>El Teatro Nacional abrir\u00e1 sus puertas al p\u00fablico a finales de agosto o principios de septiembre de 2019, seg\u00fan dio a conocer su Patronato.<\/p>\n<p>Para celebrar este acontecimiento, el Patronato del Teatro Nacional ha organizado una temporada reinaugural, con actividades que coincidir\u00e1n con la celebraci\u00f3n de los 111 a\u00f1os de la apertura del edificio hist\u00f3rico. La temporada empezar\u00e1 el 14 de septiembre y durar\u00e1 hasta finales de a\u00f1o. Entre los eventos que se llevar\u00e1n a cabo est\u00e1n: un concierto de la Orquesta Sinf\u00f3nica Nacional; las premiaciones de los concursos nacionales Roberto Lewis, Ricardo Mir\u00f3 y Roque Cordero; galas folcl\u00f3ricas y la obra de teatro musical 1903, entre otras.<\/p>\n<p>El \u00edcono de la cultura paname\u00f1a fue cerrado en 2015 debido al deterioro de sus infraestructuras, murales y pinturas. Para su restauraci\u00f3n, el gobierno ha invertido 15 millones de d\u00f3lares.<\/p>\n<p>&nbsp;<\/p>\n<p>&nbsp;<\/p>\n","protected":false},"excerpt":{"rendered":"<p>El Teatro Nacional abrir\u00e1 sus puertas al p\u00fablico a finales <a href=\"https:\/\/sertv.gob.pa\/crisolfm\/el-teatro-nacional-abre-sus-puertas\/\"> [&#8230;]<\/a><\/p>\n","protected":false},"author":64,"featured_media":21266,"comment_status":"closed","ping_status":"closed","sticky":false,"template":"","format":"standard","meta":{"footnotes":""},"categories":[6],"tags":[],"class_list":["post-21265","post","type-post","status-publish","format-standard","has-post-thumbnail","hentry","category-culturales"],"_links":{"self":[{"href":"https:\/\/sertv.gob.pa\/crisolfm\/wp-json\/wp\/v2\/posts\/21265","targetHints":{"allow":["GET"]}}],"collection":[{"href":"https:\/\/sertv.gob.pa\/crisolfm\/wp-json\/wp\/v2\/posts"}],"about":[{"href":"https:\/\/sertv.gob.pa\/crisolfm\/wp-json\/wp\/v2\/types\/post"}],"author":[{"embeddable":true,"href":"https:\/\/sertv.gob.pa\/crisolfm\/wp-json\/wp\/v2\/users\/64"}],"replies":[{"embeddable":true,"href":"https:\/\/sertv.gob.pa\/crisolfm\/wp-json\/wp\/v2\/comments?post=21265"}],"version-history":[{"count":1,"href":"https:\/\/sertv.gob.pa\/crisolfm\/wp-json\/wp\/v2\/posts\/21265\/revisions"}],"predecessor-version":[{"id":21267,"href":"https:\/\/sertv.gob.pa\/crisolfm\/wp-json\/wp\/v2\/posts\/21265\/revisions\/21267"}],"wp:featuredmedia":[{"embeddable":true,"href":"https:\/\/sertv.gob.pa\/crisolfm\/wp-json\/wp\/v2\/media\/21266"}],"wp:attachment":[{"href":"https:\/\/sertv.gob.pa\/crisolfm\/wp-json\/wp\/v2\/media?parent=21265"}],"wp:term":[{"taxonomy":"category","embeddable":true,"href":"https:\/\/sertv.gob.pa\/crisolfm\/wp-json\/wp\/v2\/categories?post=21265"},{"taxonomy":"post_tag","embeddable":true,"href":"https:\/\/sertv.gob.pa\/crisolfm\/wp-json\/wp\/v2\/tags?post=21265"}],"curies":[{"name":"wp","href":"https:\/\/api.w.org\/{rel}","templated":true}]}}