{"id":21268,"date":"2019-08-09T13:59:18","date_gmt":"2019-08-09T13:59:18","guid":{"rendered":"https:\/\/sertv.gob.pa\/crisolfm\/?p=21268"},"modified":"2019-08-09T13:59:18","modified_gmt":"2019-08-09T13:59:18","slug":"por-celebracion-de-los-500-anos-de-la-ciudad-de-panama-manneken-pis-se-viste-de-congo","status":"publish","type":"post","link":"https:\/\/sertv.gob.pa\/crisolfm\/por-celebracion-de-los-500-anos-de-la-ciudad-de-panama-manneken-pis-se-viste-de-congo\/","title":{"rendered":"Por celebraci\u00f3n de los 500 a\u00f1os de la ciudad de Panam\u00e1, Manneken-Pis se viste de congo"},"content":{"rendered":"<p>Desde la tarde de este 8 de agosto la famosa estatua del Manneken-Pis de Bruselas, B\u00e9lgica, luce el traje paname\u00f1o de la cultura congo, en ocasi\u00f3n de los 500 a\u00f1os de la fundaci\u00f3n de la Ciudad de Panam\u00e1.<\/p>\n<p>El Manneken-Pis viste un traje de rey del congo, por los valores que transmite y su proximidad con los valores que fomenta la escultura, en particular los de libertad y resistencia. El traje congo consiste en una corona y un cetro, y su aspecto multicolor hace referencia a la naturaleza. El traje se usa durante los bailes que recuerdan metaf\u00f3ricamente la era de los antepasados y la victoria del bien sobre el mal. A la altura de la cintura de la figura, est\u00e1n enganchadas unas cuerdas de peluche que hacen referencia a las familias que se han separado.<\/p>\n<p>El encargado de negocios de la Embajada de Panam\u00e1 en B\u00e9lgica y la Uni\u00f3n Europea (responsables de la iniciativa), Alfonso Young, dio el discurso de inauguraci\u00f3n y coment\u00f3 que \u00e9ste no es solo un homenaje a Panam\u00e1, pues igualmente se celebra el fuerte v\u00ednculo hist\u00f3rico entre los dos pa\u00edses, que data desde el siglo XVI cuando B\u00e9lgica y Panam\u00e1 formaban parte del mismo imperio. La cultura congo fue declarada como Patrimonio Inmaterial de la Humanidad seg\u00fan Unesco.<\/p>\n<p>&nbsp;<\/p>\n<p>&nbsp;<\/p>\n<p>&nbsp;<\/p>\n","protected":false},"excerpt":{"rendered":"<p>Desde la tarde de este 8 de agosto la famosa <a href=\"https:\/\/sertv.gob.pa\/crisolfm\/por-celebracion-de-los-500-anos-de-la-ciudad-de-panama-manneken-pis-se-viste-de-congo\/\"> [&#8230;]<\/a><\/p>\n","protected":false},"author":64,"featured_media":21269,"comment_status":"closed","ping_status":"closed","sticky":false,"template":"","format":"standard","meta":{"footnotes":""},"categories":[6],"tags":[],"class_list":["post-21268","post","type-post","status-publish","format-standard","has-post-thumbnail","hentry","category-culturales"],"_links":{"self":[{"href":"https:\/\/sertv.gob.pa\/crisolfm\/wp-json\/wp\/v2\/posts\/21268","targetHints":{"allow":["GET"]}}],"collection":[{"href":"https:\/\/sertv.gob.pa\/crisolfm\/wp-json\/wp\/v2\/posts"}],"about":[{"href":"https:\/\/sertv.gob.pa\/crisolfm\/wp-json\/wp\/v2\/types\/post"}],"author":[{"embeddable":true,"href":"https:\/\/sertv.gob.pa\/crisolfm\/wp-json\/wp\/v2\/users\/64"}],"replies":[{"embeddable":true,"href":"https:\/\/sertv.gob.pa\/crisolfm\/wp-json\/wp\/v2\/comments?post=21268"}],"version-history":[{"count":1,"href":"https:\/\/sertv.gob.pa\/crisolfm\/wp-json\/wp\/v2\/posts\/21268\/revisions"}],"predecessor-version":[{"id":21270,"href":"https:\/\/sertv.gob.pa\/crisolfm\/wp-json\/wp\/v2\/posts\/21268\/revisions\/21270"}],"wp:featuredmedia":[{"embeddable":true,"href":"https:\/\/sertv.gob.pa\/crisolfm\/wp-json\/wp\/v2\/media\/21269"}],"wp:attachment":[{"href":"https:\/\/sertv.gob.pa\/crisolfm\/wp-json\/wp\/v2\/media?parent=21268"}],"wp:term":[{"taxonomy":"category","embeddable":true,"href":"https:\/\/sertv.gob.pa\/crisolfm\/wp-json\/wp\/v2\/categories?post=21268"},{"taxonomy":"post_tag","embeddable":true,"href":"https:\/\/sertv.gob.pa\/crisolfm\/wp-json\/wp\/v2\/tags?post=21268"}],"curies":[{"name":"wp","href":"https:\/\/api.w.org\/{rel}","templated":true}]}}