{"id":21283,"date":"2019-08-09T15:29:03","date_gmt":"2019-08-09T15:29:03","guid":{"rendered":"https:\/\/sertv.gob.pa\/crisolfm\/?p=21283"},"modified":"2019-08-09T15:29:03","modified_gmt":"2019-08-09T15:29:03","slug":"coro-musica-viva-conmemorara-los-500-anos-de-la-ciudad","status":"publish","type":"post","link":"https:\/\/sertv.gob.pa\/crisolfm\/coro-musica-viva-conmemorara-los-500-anos-de-la-ciudad\/","title":{"rendered":"Coro M\u00fasica viva conmemorar\u00e1 los 500 a\u00f1os de la ciudad"},"content":{"rendered":"<p>Con motivo de la celebraci\u00f3n de los 500 a\u00f1os de la ciudad, el Coro M\u00fasica Viva efectuar\u00e1 un concierto especial este domingo. La cita, que se llevar\u00e1 a cabo en el Teatro Gladys Vidal, a las 3:00 p.m, servir\u00e1 para deleitar a los asistentes con madrigales espa\u00f1oles y obras de los maestros Jorge Ledezma y George Colbourne.<\/p>\n<p>La agrupaci\u00f3n coral fue establecida en 1976 y desde entonces se ha presentado en escenarios dentro y fuera de Panam\u00e1, cosechando premios en cursos internacionales y representando al Istmo en festivales en Am\u00e9rica y Europa. Su repertorio cuenta con piezas cl\u00e1sicas desde el Renacimiento hasta nuestros d\u00edas y una importante cantidad de interpretaciones folcl\u00f3ricas.<\/p>\n","protected":false},"excerpt":{"rendered":"<p>Con motivo de la celebraci\u00f3n de los 500 a\u00f1os de <a href=\"https:\/\/sertv.gob.pa\/crisolfm\/coro-musica-viva-conmemorara-los-500-anos-de-la-ciudad\/\"> [&#8230;]<\/a><\/p>\n","protected":false},"author":64,"featured_media":21284,"comment_status":"closed","ping_status":"closed","sticky":false,"template":"","format":"standard","meta":{"footnotes":""},"categories":[6],"tags":[],"class_list":["post-21283","post","type-post","status-publish","format-standard","has-post-thumbnail","hentry","category-culturales"],"_links":{"self":[{"href":"https:\/\/sertv.gob.pa\/crisolfm\/wp-json\/wp\/v2\/posts\/21283","targetHints":{"allow":["GET"]}}],"collection":[{"href":"https:\/\/sertv.gob.pa\/crisolfm\/wp-json\/wp\/v2\/posts"}],"about":[{"href":"https:\/\/sertv.gob.pa\/crisolfm\/wp-json\/wp\/v2\/types\/post"}],"author":[{"embeddable":true,"href":"https:\/\/sertv.gob.pa\/crisolfm\/wp-json\/wp\/v2\/users\/64"}],"replies":[{"embeddable":true,"href":"https:\/\/sertv.gob.pa\/crisolfm\/wp-json\/wp\/v2\/comments?post=21283"}],"version-history":[{"count":1,"href":"https:\/\/sertv.gob.pa\/crisolfm\/wp-json\/wp\/v2\/posts\/21283\/revisions"}],"predecessor-version":[{"id":21285,"href":"https:\/\/sertv.gob.pa\/crisolfm\/wp-json\/wp\/v2\/posts\/21283\/revisions\/21285"}],"wp:featuredmedia":[{"embeddable":true,"href":"https:\/\/sertv.gob.pa\/crisolfm\/wp-json\/wp\/v2\/media\/21284"}],"wp:attachment":[{"href":"https:\/\/sertv.gob.pa\/crisolfm\/wp-json\/wp\/v2\/media?parent=21283"}],"wp:term":[{"taxonomy":"category","embeddable":true,"href":"https:\/\/sertv.gob.pa\/crisolfm\/wp-json\/wp\/v2\/categories?post=21283"},{"taxonomy":"post_tag","embeddable":true,"href":"https:\/\/sertv.gob.pa\/crisolfm\/wp-json\/wp\/v2\/tags?post=21283"}],"curies":[{"name":"wp","href":"https:\/\/api.w.org\/{rel}","templated":true}]}}