{"id":21293,"date":"2019-08-09T16:30:01","date_gmt":"2019-08-09T16:30:01","guid":{"rendered":"https:\/\/sertv.gob.pa\/crisolfm\/?p=21293"},"modified":"2019-08-09T16:30:01","modified_gmt":"2019-08-09T16:30:01","slug":"carritos-de-helados-que-usan-energia-solar-para-refrigerar-los-productos","status":"publish","type":"post","link":"https:\/\/sertv.gob.pa\/crisolfm\/carritos-de-helados-que-usan-energia-solar-para-refrigerar-los-productos\/","title":{"rendered":"Carritos de helados que usan energ\u00eda solar para refrigerar los productos"},"content":{"rendered":"<p>En su firme compromiso por <strong>reducir el impacto en el medio ambiente<\/strong>, el departamento internacional de I+D de Unilever ha desarrollado carritos de helados que utilizan energ\u00eda solar para mantener los productos refrigerados y que tienen una autonom\u00eda de 10 horas. El objetivo principal es promover un <strong>nuevo modelo econ\u00f3mico sostenible, <\/strong>orientado a ayudar a mejorar la calidad de vida de las personas al mismo tiempo que se respeta el medio ambiente.<\/p>\n<p>Los nuevos carritos solares son <strong>equipos h\u00edbridos. <\/strong>Durante el d\u00eda funcionan mediante energ\u00eda solar, y por la noche se recarga la bater\u00eda de las neveras desde la red el\u00e9ctrica para mantener el fr\u00edo. Esto permite que los innovadores y sostenibles carritos de la compa\u00f1\u00eda consuman una d\u00e9cima parte de energ\u00eda, en comparaci\u00f3n con las neveras convencionales (que deben estar conectadas a la electricidad las 24 horas).<\/p>\n<p>\u201cGracias al uso de energ\u00edas renovables, hemos podido desarrollar unos carritos solares que nos ayudan a reducir el consumo de energ\u00eda hasta una d\u00e9cima parte con respecto a los anteriores\u201d, explica la <strong>directora de Comunicaci\u00f3n y Sostenibilidad de Unilever Espa\u00f1a, Ana Palencia<\/strong>.<\/p>\n<p>ECOticias<\/p>\n","protected":false},"excerpt":{"rendered":"<p>En su firme compromiso por reducir el impacto en el <a href=\"https:\/\/sertv.gob.pa\/crisolfm\/carritos-de-helados-que-usan-energia-solar-para-refrigerar-los-productos\/\"> [&#8230;]<\/a><\/p>\n","protected":false},"author":64,"featured_media":21294,"comment_status":"closed","ping_status":"closed","sticky":false,"template":"","format":"standard","meta":{"footnotes":""},"categories":[7],"tags":[],"class_list":["post-21293","post","type-post","status-publish","format-standard","has-post-thumbnail","hentry","category-ecologicas"],"_links":{"self":[{"href":"https:\/\/sertv.gob.pa\/crisolfm\/wp-json\/wp\/v2\/posts\/21293","targetHints":{"allow":["GET"]}}],"collection":[{"href":"https:\/\/sertv.gob.pa\/crisolfm\/wp-json\/wp\/v2\/posts"}],"about":[{"href":"https:\/\/sertv.gob.pa\/crisolfm\/wp-json\/wp\/v2\/types\/post"}],"author":[{"embeddable":true,"href":"https:\/\/sertv.gob.pa\/crisolfm\/wp-json\/wp\/v2\/users\/64"}],"replies":[{"embeddable":true,"href":"https:\/\/sertv.gob.pa\/crisolfm\/wp-json\/wp\/v2\/comments?post=21293"}],"version-history":[{"count":1,"href":"https:\/\/sertv.gob.pa\/crisolfm\/wp-json\/wp\/v2\/posts\/21293\/revisions"}],"predecessor-version":[{"id":21295,"href":"https:\/\/sertv.gob.pa\/crisolfm\/wp-json\/wp\/v2\/posts\/21293\/revisions\/21295"}],"wp:featuredmedia":[{"embeddable":true,"href":"https:\/\/sertv.gob.pa\/crisolfm\/wp-json\/wp\/v2\/media\/21294"}],"wp:attachment":[{"href":"https:\/\/sertv.gob.pa\/crisolfm\/wp-json\/wp\/v2\/media?parent=21293"}],"wp:term":[{"taxonomy":"category","embeddable":true,"href":"https:\/\/sertv.gob.pa\/crisolfm\/wp-json\/wp\/v2\/categories?post=21293"},{"taxonomy":"post_tag","embeddable":true,"href":"https:\/\/sertv.gob.pa\/crisolfm\/wp-json\/wp\/v2\/tags?post=21293"}],"curies":[{"name":"wp","href":"https:\/\/api.w.org\/{rel}","templated":true}]}}