{"id":21296,"date":"2019-08-09T16:49:54","date_gmt":"2019-08-09T16:49:54","guid":{"rendered":"https:\/\/sertv.gob.pa\/crisolfm\/?p=21296"},"modified":"2019-08-09T16:49:54","modified_gmt":"2019-08-09T16:49:54","slug":"el-puerto-de-barcelona-da-un-pasito-adelante-en-la-reduccion-de-co2","status":"publish","type":"post","link":"https:\/\/sertv.gob.pa\/crisolfm\/el-puerto-de-barcelona-da-un-pasito-adelante-en-la-reduccion-de-co2\/","title":{"rendered":"El Puerto de Barcelona da un &#8216;pasito&#8217; adelante en la reducci\u00f3n de CO2"},"content":{"rendered":"<p>El Puerto de Barcelona ha anunciado su compromiso por <strong>reducir un 20% sus emisiones de di\u00f3xido de carbono<\/strong> (CO2) en los pr\u00f3ximos cinco a\u00f1os a trav\u00e9s del programa Lean &amp; Green, seg\u00fan un comunicado de la infraestructura portuaria.<\/p>\n<p>Se une as\u00ed a la cuarentena de empresas del sector de la provisi\u00f3n y el transporte que forman parte de esta iniciativa, impulsada por la Asociaci\u00f3n de Fabricantes y Distribuidores (AECOC) y que tiene como objetivo minimizar el impacto de los procesos log\u00edsticos en la emisi\u00f3n de gases de efecto invernadero.<\/p>\n<p>La consultora Ernest&amp;Young ser\u00e1 la responsable de certificar que el Port de Barcelona consiga este objetivo, utilizando como referencia la <strong>huella de carbono <\/strong>de la infraestructura y la consecuci\u00f3n del plan de acci\u00f3n.<\/p>\n<p>ECOticias<\/p>\n","protected":false},"excerpt":{"rendered":"<p>El Puerto de Barcelona ha anunciado su compromiso por reducir <a href=\"https:\/\/sertv.gob.pa\/crisolfm\/el-puerto-de-barcelona-da-un-pasito-adelante-en-la-reduccion-de-co2\/\"> [&#8230;]<\/a><\/p>\n","protected":false},"author":64,"featured_media":21297,"comment_status":"closed","ping_status":"closed","sticky":false,"template":"","format":"standard","meta":{"footnotes":""},"categories":[7],"tags":[],"class_list":["post-21296","post","type-post","status-publish","format-standard","has-post-thumbnail","hentry","category-ecologicas"],"_links":{"self":[{"href":"https:\/\/sertv.gob.pa\/crisolfm\/wp-json\/wp\/v2\/posts\/21296","targetHints":{"allow":["GET"]}}],"collection":[{"href":"https:\/\/sertv.gob.pa\/crisolfm\/wp-json\/wp\/v2\/posts"}],"about":[{"href":"https:\/\/sertv.gob.pa\/crisolfm\/wp-json\/wp\/v2\/types\/post"}],"author":[{"embeddable":true,"href":"https:\/\/sertv.gob.pa\/crisolfm\/wp-json\/wp\/v2\/users\/64"}],"replies":[{"embeddable":true,"href":"https:\/\/sertv.gob.pa\/crisolfm\/wp-json\/wp\/v2\/comments?post=21296"}],"version-history":[{"count":1,"href":"https:\/\/sertv.gob.pa\/crisolfm\/wp-json\/wp\/v2\/posts\/21296\/revisions"}],"predecessor-version":[{"id":21298,"href":"https:\/\/sertv.gob.pa\/crisolfm\/wp-json\/wp\/v2\/posts\/21296\/revisions\/21298"}],"wp:featuredmedia":[{"embeddable":true,"href":"https:\/\/sertv.gob.pa\/crisolfm\/wp-json\/wp\/v2\/media\/21297"}],"wp:attachment":[{"href":"https:\/\/sertv.gob.pa\/crisolfm\/wp-json\/wp\/v2\/media?parent=21296"}],"wp:term":[{"taxonomy":"category","embeddable":true,"href":"https:\/\/sertv.gob.pa\/crisolfm\/wp-json\/wp\/v2\/categories?post=21296"},{"taxonomy":"post_tag","embeddable":true,"href":"https:\/\/sertv.gob.pa\/crisolfm\/wp-json\/wp\/v2\/tags?post=21296"}],"curies":[{"name":"wp","href":"https:\/\/api.w.org\/{rel}","templated":true}]}}