{"id":21299,"date":"2019-08-12T14:19:41","date_gmt":"2019-08-12T14:19:41","guid":{"rendered":"https:\/\/sertv.gob.pa\/crisolfm\/?p=21299"},"modified":"2019-08-12T14:19:41","modified_gmt":"2019-08-12T14:19:41","slug":"medellin-se-viste-de-jardin-con-un-vibrante-desfile-de-silleteros","status":"publish","type":"post","link":"https:\/\/sertv.gob.pa\/crisolfm\/medellin-se-viste-de-jardin-con-un-vibrante-desfile-de-silleteros\/","title":{"rendered":"Medell\u00edn se viste de jard\u00edn con un vibrante Desfile de Silleteros"},"content":{"rendered":"<p>Unos 550 campesinos convirtieron este domingo a Medell\u00edn en un colorido jard\u00edn al cargar en sus espaldas enormes arreglos florales durante la edici\u00f3n 62 del Desfile de Silleteros que cerr\u00f3 ante la mirada de 800.000 espectadores la Feria de las Flores.<\/p>\n<p>Luego de pasar los \u00faltimos d\u00edas elaborando con flores delicadas piezas, los artesanos exhibieron sus creaciones para tapizar las calles de la urbe colombiana en un recorrido de dos kil\u00f3metros al ritmo de los aplausos y del canto de \u00abvuelta, vuelta\u00bb que en cada tram\u00f3 solt\u00f3 la multitud.<\/p>\n<p>\u00abEste desfile es el coraz\u00f3n y el alma de la feria\u00bb, dijo a Efe la secretaria de cultura de Medell\u00edn, Lina Botero, y agreg\u00f3 que quienes viven esta celebraci\u00f3n identifican \u00abla importancia que tiene para la cultura antioque\u00f1a y la tradici\u00f3n campesina\u00bb.<\/p>\n<p>EFE<\/p>\n<p>&nbsp;<\/p>\n","protected":false},"excerpt":{"rendered":"<p>Unos 550 campesinos convirtieron este domingo a Medell\u00edn en un <a href=\"https:\/\/sertv.gob.pa\/crisolfm\/medellin-se-viste-de-jardin-con-un-vibrante-desfile-de-silleteros\/\"> [&#8230;]<\/a><\/p>\n","protected":false},"author":64,"featured_media":21300,"comment_status":"closed","ping_status":"closed","sticky":false,"template":"","format":"standard","meta":{"footnotes":""},"categories":[6],"tags":[],"class_list":["post-21299","post","type-post","status-publish","format-standard","has-post-thumbnail","hentry","category-culturales"],"_links":{"self":[{"href":"https:\/\/sertv.gob.pa\/crisolfm\/wp-json\/wp\/v2\/posts\/21299","targetHints":{"allow":["GET"]}}],"collection":[{"href":"https:\/\/sertv.gob.pa\/crisolfm\/wp-json\/wp\/v2\/posts"}],"about":[{"href":"https:\/\/sertv.gob.pa\/crisolfm\/wp-json\/wp\/v2\/types\/post"}],"author":[{"embeddable":true,"href":"https:\/\/sertv.gob.pa\/crisolfm\/wp-json\/wp\/v2\/users\/64"}],"replies":[{"embeddable":true,"href":"https:\/\/sertv.gob.pa\/crisolfm\/wp-json\/wp\/v2\/comments?post=21299"}],"version-history":[{"count":1,"href":"https:\/\/sertv.gob.pa\/crisolfm\/wp-json\/wp\/v2\/posts\/21299\/revisions"}],"predecessor-version":[{"id":21301,"href":"https:\/\/sertv.gob.pa\/crisolfm\/wp-json\/wp\/v2\/posts\/21299\/revisions\/21301"}],"wp:featuredmedia":[{"embeddable":true,"href":"https:\/\/sertv.gob.pa\/crisolfm\/wp-json\/wp\/v2\/media\/21300"}],"wp:attachment":[{"href":"https:\/\/sertv.gob.pa\/crisolfm\/wp-json\/wp\/v2\/media?parent=21299"}],"wp:term":[{"taxonomy":"category","embeddable":true,"href":"https:\/\/sertv.gob.pa\/crisolfm\/wp-json\/wp\/v2\/categories?post=21299"},{"taxonomy":"post_tag","embeddable":true,"href":"https:\/\/sertv.gob.pa\/crisolfm\/wp-json\/wp\/v2\/tags?post=21299"}],"curies":[{"name":"wp","href":"https:\/\/api.w.org\/{rel}","templated":true}]}}