{"id":21302,"date":"2019-08-12T14:25:44","date_gmt":"2019-08-12T14:25:44","guid":{"rendered":"https:\/\/sertv.gob.pa\/crisolfm\/?p=21302"},"modified":"2019-08-12T14:25:44","modified_gmt":"2019-08-12T14:25:44","slug":"cine-universitario-gecu-abre-la-ventana-del-cine-espanol","status":"publish","type":"post","link":"https:\/\/sertv.gob.pa\/crisolfm\/cine-universitario-gecu-abre-la-ventana-del-cine-espanol\/","title":{"rendered":"Cine universitario, GECU, abre \u201cLa Ventana del Cine Espa\u00f1ol\u201d"},"content":{"rendered":"<p>La Embajada de Espa\u00f1a y el Centro Cultural de Espa\u00f1a (CCE) organizar\u00e1n la presentaci\u00f3n de un programa bimestral de exhibiciones bajo el t\u00edtulo de \u201cLa Ventana del Cine Espa\u00f1ol\u201d, que peri\u00f3dicamente nos pondr\u00e1 al d\u00eda con las mejores producciones del pa\u00eds ib\u00e9rico, en la sala del\u00a0Cine Universitario, del GECU, en la Universidad de Panam\u00e1.<\/p>\n<p>La primera muestra, que se efectuar\u00e1 del lunes 19 al viernes 23, en funciones a las 3, 5 y 7 pm, con entrada gratuita, presentando 5 pel\u00edculas no vistas antes en Panam\u00e1, que ser\u00e1n: lunes 19 inauguraci\u00f3n con \u201c10,000 KM\u201d, drama de Carlos Marques; martes 20, \u201cAzul\u00a0oscuro casi negro\u201d, drama de Daniel S\u00e1nchez; mi\u00e9rcoles 21, \u201c18 Comidas\u201d, comedia de Jorge Coira; \u201cEl Rayo\u201d, documental de Fran Araujo y Ernesto de Nova y \u201c7 V\u00edrgenes\u201d, drama de Alberto Rodr\u00edguez.<\/p>\n<p>&nbsp;<\/p>\n","protected":false},"excerpt":{"rendered":"<p>La Embajada de Espa\u00f1a y el Centro Cultural de Espa\u00f1a <a href=\"https:\/\/sertv.gob.pa\/crisolfm\/cine-universitario-gecu-abre-la-ventana-del-cine-espanol\/\"> [&#8230;]<\/a><\/p>\n","protected":false},"author":64,"featured_media":21303,"comment_status":"closed","ping_status":"closed","sticky":false,"template":"","format":"standard","meta":{"footnotes":""},"categories":[6],"tags":[],"class_list":["post-21302","post","type-post","status-publish","format-standard","has-post-thumbnail","hentry","category-culturales"],"_links":{"self":[{"href":"https:\/\/sertv.gob.pa\/crisolfm\/wp-json\/wp\/v2\/posts\/21302","targetHints":{"allow":["GET"]}}],"collection":[{"href":"https:\/\/sertv.gob.pa\/crisolfm\/wp-json\/wp\/v2\/posts"}],"about":[{"href":"https:\/\/sertv.gob.pa\/crisolfm\/wp-json\/wp\/v2\/types\/post"}],"author":[{"embeddable":true,"href":"https:\/\/sertv.gob.pa\/crisolfm\/wp-json\/wp\/v2\/users\/64"}],"replies":[{"embeddable":true,"href":"https:\/\/sertv.gob.pa\/crisolfm\/wp-json\/wp\/v2\/comments?post=21302"}],"version-history":[{"count":1,"href":"https:\/\/sertv.gob.pa\/crisolfm\/wp-json\/wp\/v2\/posts\/21302\/revisions"}],"predecessor-version":[{"id":21304,"href":"https:\/\/sertv.gob.pa\/crisolfm\/wp-json\/wp\/v2\/posts\/21302\/revisions\/21304"}],"wp:featuredmedia":[{"embeddable":true,"href":"https:\/\/sertv.gob.pa\/crisolfm\/wp-json\/wp\/v2\/media\/21303"}],"wp:attachment":[{"href":"https:\/\/sertv.gob.pa\/crisolfm\/wp-json\/wp\/v2\/media?parent=21302"}],"wp:term":[{"taxonomy":"category","embeddable":true,"href":"https:\/\/sertv.gob.pa\/crisolfm\/wp-json\/wp\/v2\/categories?post=21302"},{"taxonomy":"post_tag","embeddable":true,"href":"https:\/\/sertv.gob.pa\/crisolfm\/wp-json\/wp\/v2\/tags?post=21302"}],"curies":[{"name":"wp","href":"https:\/\/api.w.org\/{rel}","templated":true}]}}