{"id":21308,"date":"2019-08-12T14:36:43","date_gmt":"2019-08-12T14:36:43","guid":{"rendered":"https:\/\/sertv.gob.pa\/crisolfm\/?p=21308"},"modified":"2019-08-12T14:36:43","modified_gmt":"2019-08-12T14:36:43","slug":"la-orden-del-phoenix-estara-en-el-fil-2019","status":"publish","type":"post","link":"https:\/\/sertv.gob.pa\/crisolfm\/la-orden-del-phoenix-estara-en-el-fil-2019\/","title":{"rendered":"La Orden del Phoenix estar\u00e1 en el FIL 2019"},"content":{"rendered":"<p>Este a\u00f1o, la magia no quedar\u00e1 fuera de la Feria Internacional del Libro, ya que por primera vez el \u201cfandom\u201d paname\u00f1o de la famosa saga literaria de \u201cHarry Potter\u201d, estar\u00e1 presente para compartir su pasi\u00f3n por la obra de la escritora J.K. Rowling.<\/p>\n<p>Su participaci\u00f3n inicia desde el s\u00e1bado 17 de agosto, con din\u00e1micas divertidas relacionadas al mundo de la magia, entre ellas el sorteo de casas de la escuela Hogwarts de magia y hechicer\u00eda.<\/p>\n<p>Igualmente, el grupo \u201cLa Orden del Phoenix\u201d dictar\u00e1 una conferencia en el sal\u00f3n \u201cBoquete\u201d de Atlapa, sobre el impacto de esta saga en la juventud y su trascendencia, convirti\u00e9ndola en un elemento de culto para millones de personas.<\/p>\n<p>&nbsp;<\/p>\n<p>&nbsp;<\/p>\n","protected":false},"excerpt":{"rendered":"<p>Este a\u00f1o, la magia no quedar\u00e1 fuera de la Feria <a href=\"https:\/\/sertv.gob.pa\/crisolfm\/la-orden-del-phoenix-estara-en-el-fil-2019\/\"> [&#8230;]<\/a><\/p>\n","protected":false},"author":64,"featured_media":21309,"comment_status":"closed","ping_status":"closed","sticky":false,"template":"","format":"standard","meta":{"footnotes":""},"categories":[6],"tags":[],"class_list":["post-21308","post","type-post","status-publish","format-standard","has-post-thumbnail","hentry","category-culturales"],"_links":{"self":[{"href":"https:\/\/sertv.gob.pa\/crisolfm\/wp-json\/wp\/v2\/posts\/21308","targetHints":{"allow":["GET"]}}],"collection":[{"href":"https:\/\/sertv.gob.pa\/crisolfm\/wp-json\/wp\/v2\/posts"}],"about":[{"href":"https:\/\/sertv.gob.pa\/crisolfm\/wp-json\/wp\/v2\/types\/post"}],"author":[{"embeddable":true,"href":"https:\/\/sertv.gob.pa\/crisolfm\/wp-json\/wp\/v2\/users\/64"}],"replies":[{"embeddable":true,"href":"https:\/\/sertv.gob.pa\/crisolfm\/wp-json\/wp\/v2\/comments?post=21308"}],"version-history":[{"count":1,"href":"https:\/\/sertv.gob.pa\/crisolfm\/wp-json\/wp\/v2\/posts\/21308\/revisions"}],"predecessor-version":[{"id":21310,"href":"https:\/\/sertv.gob.pa\/crisolfm\/wp-json\/wp\/v2\/posts\/21308\/revisions\/21310"}],"wp:featuredmedia":[{"embeddable":true,"href":"https:\/\/sertv.gob.pa\/crisolfm\/wp-json\/wp\/v2\/media\/21309"}],"wp:attachment":[{"href":"https:\/\/sertv.gob.pa\/crisolfm\/wp-json\/wp\/v2\/media?parent=21308"}],"wp:term":[{"taxonomy":"category","embeddable":true,"href":"https:\/\/sertv.gob.pa\/crisolfm\/wp-json\/wp\/v2\/categories?post=21308"},{"taxonomy":"post_tag","embeddable":true,"href":"https:\/\/sertv.gob.pa\/crisolfm\/wp-json\/wp\/v2\/tags?post=21308"}],"curies":[{"name":"wp","href":"https:\/\/api.w.org\/{rel}","templated":true}]}}